{"id":87280,"date":"2021-02-08T10:43:51","date_gmt":"2021-02-08T13:43:51","guid":{"rendered":"https:\/\/eldiariodesanpedro.com.ar\/sitio\/?p=87280"},"modified":"2021-02-08T10:43:55","modified_gmt":"2021-02-08T13:43:55","slug":"san-nicolas-pateo-en-la-cara-a-su-ex-pareja-en-la-via-publica","status":"publish","type":"post","link":"https:\/\/eldiariodesanpedro.com.ar\/sitio\/san-nicolas-pateo-en-la-cara-a-su-ex-pareja-en-la-via-publica\/","title":{"rendered":"SAN NICOL\u00c1S | Pate\u00f3 en la cara a su ex pareja en la v\u00eda p\u00fablica"},"content":{"rendered":"<!-- VideographyWP Plugin Message: Automatic video embedding prevented by plugin options. -->\n\n<p>Personal policial debi\u00f3 aprehender en calle Rivadavia al 850 aproximadamente, a un sujeto de 38 a\u00f1os por violencia de g\u00e9nero. El hombre hab\u00eda discutido con su ex pareja en la v\u00eda p\u00fablica, y en medio de la pelea le propin\u00f3 una patada en el rostro lesion\u00e1ndola.<br><br>La v\u00edctima de 22 a\u00f1os fue asistida por la polic\u00eda, pero no quiso sentar la denuncia. En tanto que el agresor, intent\u00f3 tambi\u00e9n lesionar a los efectivos, pero finalmente fue reducido y esposado.<\/p>\n\n\n\n<p>Fuente: <a href=\"http:\/\/www.diarioelinformante.com.ar\/nota-60593_pate-en-la-cara-a-su-ex-pareja-en-la-va-pblica\">Diario El Informante<\/a><\/p>\n","protected":false},"excerpt":{"rendered":"<p>Personal policial debi\u00f3 aprehender en calle Rivadavia al 850 aproximadamente, a un sujeto de 38 a\u00f1os por violencia de g\u00e9nero. El hombre hab\u00eda discutido con su ex pareja en la v\u00eda p\u00fablica, y en medio de la pelea le propin\u00f3 una patada en el rostro lesion\u00e1ndola. La v\u00edctima de 22 a\u00f1os fue asistida por la [&hellip;]<\/p>\n","protected":false},"author":4,"featured_media":87281,"comment_status":"open","ping_status":"closed","sticky":false,"template":"","format":"standard","meta":{"om_disable_all_campaigns":false,"_jetpack_memberships_contains_paid_content":false,"footnotes":""},"categories":[621],"tags":[],"class_list":["post-87280","post","type-post","status-publish","format-standard","has-post-thumbnail","hentry","category-regionales"],"aioseo_notices":[],"gutentor_comment":0,"jetpack_featured_media_url":"https:\/\/eldiariodesanpedro.com.ar\/sitio\/wp-content\/uploads\/2021\/02\/no_dg20gtz12ow8o0jWhatsApp_Image_2021_02_06_at_18.58.32.png","jetpack_shortlink":"https:\/\/wp.me\/p6RhLt-mHK","jetpack_sharing_enabled":true,"_links":{"self":[{"href":"https:\/\/eldiariodesanpedro.com.ar\/sitio\/wp-json\/wp\/v2\/posts\/87280","targetHints":{"allow":["GET"]}}],"collection":[{"href":"https:\/\/eldiariodesanpedro.com.ar\/sitio\/wp-json\/wp\/v2\/posts"}],"about":[{"href":"https:\/\/eldiariodesanpedro.com.ar\/sitio\/wp-json\/wp\/v2\/types\/post"}],"author":[{"embeddable":true,"href":"https:\/\/eldiariodesanpedro.com.ar\/sitio\/wp-json\/wp\/v2\/users\/4"}],"replies":[{"embeddable":true,"href":"https:\/\/eldiariodesanpedro.com.ar\/sitio\/wp-json\/wp\/v2\/comments?post=87280"}],"version-history":[{"count":1,"href":"https:\/\/eldiariodesanpedro.com.ar\/sitio\/wp-json\/wp\/v2\/posts\/87280\/revisions"}],"predecessor-version":[{"id":87282,"href":"https:\/\/eldiariodesanpedro.com.ar\/sitio\/wp-json\/wp\/v2\/posts\/87280\/revisions\/87282"}],"wp:featuredmedia":[{"embeddable":true,"href":"https:\/\/eldiariodesanpedro.com.ar\/sitio\/wp-json\/wp\/v2\/media\/87281"}],"wp:attachment":[{"href":"https:\/\/eldiariodesanpedro.com.ar\/sitio\/wp-json\/wp\/v2\/media?parent=87280"}],"wp:term":[{"taxonomy":"category","embeddable":true,"href":"https:\/\/eldiariodesanpedro.com.ar\/sitio\/wp-json\/wp\/v2\/categories?post=87280"},{"taxonomy":"post_tag","embeddable":true,"href":"https:\/\/eldiariodesanpedro.com.ar\/sitio\/wp-json\/wp\/v2\/tags?post=87280"}],"curies":[{"name":"wp","href":"https:\/\/api.w.org\/{rel}","templated":true}]}}