{"id":87274,"date":"2021-02-08T10:38:27","date_gmt":"2021-02-08T13:38:27","guid":{"rendered":"https:\/\/eldiariodesanpedro.com.ar\/sitio\/?p=87274"},"modified":"2021-02-08T10:38:31","modified_gmt":"2021-02-08T13:38:31","slug":"ramallo-se-transforman-los-viejos-silos-en-un-hotel","status":"publish","type":"post","link":"https:\/\/eldiariodesanpedro.com.ar\/sitio\/ramallo-se-transforman-los-viejos-silos-en-un-hotel\/","title":{"rendered":"RAMALLO | \u00bfSe transforman los viejos silos en un hotel?"},"content":{"rendered":"<!-- VideographyWP Plugin Message: Automatic video embedding prevented by plugin options. -->\n\n<p>Un proyecto ambicioso en la zona costera est\u00e1 en carpeta. No es la primera vez que un inversor busca adquirir los viejos silos que fueron de la Cooperativa Agr\u00edcola de Ramallo para transformarlo en un hotel o edificio de departamentos. Hace unos quince a\u00f1os atr\u00e1s un inversor italiano estuvo muy interesado pero finalmente la operaci\u00f3n no se concret\u00f3. Ahora parece que un inversor nacional transformar\u00eda ese espacio.<\/p>\n\n\n\n<p>Fuentes consultadas por este medio referentes al mercado inmbiliario confirmaron que una importante empresa nacional est\u00e1 interesada en adquirir el predio y ponerlo en valor como el hotel Los Silos de la ciudad de Santa Fe. En la zona de la manga se construir\u00eda un paseo con un restaurant de cara al r\u00edo Paran\u00e1.&nbsp;<\/p>\n\n\n\n<p>M\u00e1s all\u00e1 de la informaci\u00f3n que puedo recabar este medio, la idea siempre da vueltas y parece haber retomado fuerzas en el medio del crecimiento del&nbsp;turismo de cercan\u00eda.&nbsp;<\/p>\n\n\n\n<p>Muy cerquita est\u00e1 el edificio del Hotel Howard Jhonson que lamentablemente no puedo pasar la pandemia y hoy est\u00e1 a la venta.&nbsp;<\/p>\n\n\n\n<p>El espacio donde se almacenaban los granos hab\u00eda quedado dentro del casco urbano y era un problema medioambiental que deriv\u00f3 en reclamos.&nbsp;<\/p>\n\n\n\n<p>Hoy ese espacio puede transformarse un un desarrollo tur\u00edstico o inmobiliario que sin dudas transformar\u00eda la zona de la costanera ramallense.&nbsp;<\/p>\n\n\n\n<p>Por lo pronto en los pr\u00f3ximos d\u00edas se especula que podr\u00eda haber novedades.\u00a0<\/p>\n\n\n\n<p>Fuente: <a href=\"https:\/\/laradioramallo.com.ar\/nota\/8041\/se-transforman-los-viejos-silos-en-un-hotel\">FM Acero<\/a><\/p>\n","protected":false},"excerpt":{"rendered":"<p>Un proyecto ambicioso en la zona costera est\u00e1 en carpeta. No es la primera vez que un inversor busca adquirir los viejos silos que fueron de la Cooperativa Agr\u00edcola de Ramallo para transformarlo en un hotel o edificio de departamentos. Hace unos quince a\u00f1os atr\u00e1s un inversor italiano estuvo muy interesado pero finalmente la operaci\u00f3n [&hellip;]<\/p>\n","protected":false},"author":4,"featured_media":87275,"comment_status":"open","ping_status":"closed","sticky":false,"template":"","format":"standard","meta":{"om_disable_all_campaigns":false,"_jetpack_memberships_contains_paid_content":false,"footnotes":""},"categories":[621],"tags":[],"class_list":["post-87274","post","type-post","status-publish","format-standard","has-post-thumbnail","hentry","category-regionales"],"aioseo_notices":[],"gutentor_comment":0,"jetpack_featured_media_url":"https:\/\/eldiariodesanpedro.com.ar\/sitio\/wp-content\/uploads\/2021\/02\/resize_1612712503.jpg","jetpack_shortlink":"https:\/\/wp.me\/p6RhLt-mHE","jetpack_sharing_enabled":true,"_links":{"self":[{"href":"https:\/\/eldiariodesanpedro.com.ar\/sitio\/wp-json\/wp\/v2\/posts\/87274","targetHints":{"allow":["GET"]}}],"collection":[{"href":"https:\/\/eldiariodesanpedro.com.ar\/sitio\/wp-json\/wp\/v2\/posts"}],"about":[{"href":"https:\/\/eldiariodesanpedro.com.ar\/sitio\/wp-json\/wp\/v2\/types\/post"}],"author":[{"embeddable":true,"href":"https:\/\/eldiariodesanpedro.com.ar\/sitio\/wp-json\/wp\/v2\/users\/4"}],"replies":[{"embeddable":true,"href":"https:\/\/eldiariodesanpedro.com.ar\/sitio\/wp-json\/wp\/v2\/comments?post=87274"}],"version-history":[{"count":1,"href":"https:\/\/eldiariodesanpedro.com.ar\/sitio\/wp-json\/wp\/v2\/posts\/87274\/revisions"}],"predecessor-version":[{"id":87276,"href":"https:\/\/eldiariodesanpedro.com.ar\/sitio\/wp-json\/wp\/v2\/posts\/87274\/revisions\/87276"}],"wp:featuredmedia":[{"embeddable":true,"href":"https:\/\/eldiariodesanpedro.com.ar\/sitio\/wp-json\/wp\/v2\/media\/87275"}],"wp:attachment":[{"href":"https:\/\/eldiariodesanpedro.com.ar\/sitio\/wp-json\/wp\/v2\/media?parent=87274"}],"wp:term":[{"taxonomy":"category","embeddable":true,"href":"https:\/\/eldiariodesanpedro.com.ar\/sitio\/wp-json\/wp\/v2\/categories?post=87274"},{"taxonomy":"post_tag","embeddable":true,"href":"https:\/\/eldiariodesanpedro.com.ar\/sitio\/wp-json\/wp\/v2\/tags?post=87274"}],"curies":[{"name":"wp","href":"https:\/\/api.w.org\/{rel}","templated":true}]}}