{"id":87271,"date":"2021-02-08T10:36:43","date_gmt":"2021-02-08T13:36:43","guid":{"rendered":"https:\/\/eldiariodesanpedro.com.ar\/sitio\/?p=87271"},"modified":"2021-02-08T10:36:44","modified_gmt":"2021-02-08T13:36:44","slug":"baradero-una-pareja-y-sus-cuatro-hijos-estan-durmiendo-en-el-puerto","status":"publish","type":"post","link":"https:\/\/eldiariodesanpedro.com.ar\/sitio\/baradero-una-pareja-y-sus-cuatro-hijos-estan-durmiendo-en-el-puerto\/","title":{"rendered":"BARADERO | Una pareja y sus cuatro hijos est\u00e1n durmiendo en el puerto"},"content":{"rendered":"<!-- VideographyWP Plugin Message: Automatic video embedding prevented by plugin options. -->\n\n<p>Una pareja con sus cuatro hijos menores de edad, est\u00e1n viviendo debajo de uno de los puentes del puerto local.Miguel \u00c1ngel es el padre de los ni\u00f1os y expres\u00f3 en\u00a0<strong>Fm Tiempo<\/strong>, por qu\u00e9 est\u00e1n en situaci\u00f3n de calle:\u00bb<em>Vengo con problemas hace rato, me despidieron y nos quedamos sin nada, tuve que empezar a vender todo lo que ten\u00edamos\u00bb.<\/em><\/p>\n\n\n\n<p>\u00ab<em>Fue muy duro todo, nos desalojaron por un conflicto con mi madre, porque nosotros viv\u00edamos en la casa de ella\u00bb.<\/em><\/p>\n\n\n\n<p>\u00abE<em>stamos hace un d\u00eda durmiendo ac\u00e1, le dije a Prefectura que estamos en la calle. No me qued\u00f3 otra que venir con mis hijos ac\u00e1\u00bb.<\/em><\/p>\n\n\n\n<p>\u00ab<em>El intendente est\u00e1 al tanto de mi situaci\u00f3n, le ped\u00ed que me ayude, necesito trabajar o un terreno a pagar\u00bb.<\/em><\/p>\n\n\n\n<p>\u00ab<em>Tuve que dejar todo afuera de donde viv\u00edamos porque no lo puedo trasladar y se me est\u00e1n echando a perder los colchones, el televisor y lo poco que tengo\u00bb.<\/em><\/p>\n\n\n\n<p>\u00ab<em>Mi mujer no tiene DNI y no podemos cobrar ninguna asignaci\u00f3n\u00bb.<\/em><\/p>\n\n\n\n<p>Fuente: <a href=\"http:\/\/tiemponoticias.com.ar\/noba\/2021\/02\/05\/una-pareja-y-sus-cuatro-hijos-estan-durmiendo-en-el-puerto\/\">Tiempo Noticias<\/a><\/p>\n","protected":false},"excerpt":{"rendered":"<p>Una pareja con sus cuatro hijos menores de edad, est\u00e1n viviendo debajo de uno de los puentes del puerto local.Miguel \u00c1ngel es el padre de los ni\u00f1os y expres\u00f3 en\u00a0Fm Tiempo, por qu\u00e9 est\u00e1n en situaci\u00f3n de calle:\u00bbVengo con problemas hace rato, me despidieron y nos quedamos sin nada, tuve que empezar a vender todo [&hellip;]<\/p>\n","protected":false},"author":4,"featured_media":87272,"comment_status":"open","ping_status":"closed","sticky":false,"template":"","format":"standard","meta":{"om_disable_all_campaigns":false,"_jetpack_memberships_contains_paid_content":false,"footnotes":""},"categories":[621],"tags":[],"class_list":["post-87271","post","type-post","status-publish","format-standard","has-post-thumbnail","hentry","category-regionales"],"aioseo_notices":[],"gutentor_comment":0,"jetpack_featured_media_url":"https:\/\/eldiariodesanpedro.com.ar\/sitio\/wp-content\/uploads\/2021\/02\/PUERTO.jpg","jetpack_shortlink":"https:\/\/wp.me\/p6RhLt-mHB","jetpack_sharing_enabled":true,"_links":{"self":[{"href":"https:\/\/eldiariodesanpedro.com.ar\/sitio\/wp-json\/wp\/v2\/posts\/87271","targetHints":{"allow":["GET"]}}],"collection":[{"href":"https:\/\/eldiariodesanpedro.com.ar\/sitio\/wp-json\/wp\/v2\/posts"}],"about":[{"href":"https:\/\/eldiariodesanpedro.com.ar\/sitio\/wp-json\/wp\/v2\/types\/post"}],"author":[{"embeddable":true,"href":"https:\/\/eldiariodesanpedro.com.ar\/sitio\/wp-json\/wp\/v2\/users\/4"}],"replies":[{"embeddable":true,"href":"https:\/\/eldiariodesanpedro.com.ar\/sitio\/wp-json\/wp\/v2\/comments?post=87271"}],"version-history":[{"count":1,"href":"https:\/\/eldiariodesanpedro.com.ar\/sitio\/wp-json\/wp\/v2\/posts\/87271\/revisions"}],"predecessor-version":[{"id":87273,"href":"https:\/\/eldiariodesanpedro.com.ar\/sitio\/wp-json\/wp\/v2\/posts\/87271\/revisions\/87273"}],"wp:featuredmedia":[{"embeddable":true,"href":"https:\/\/eldiariodesanpedro.com.ar\/sitio\/wp-json\/wp\/v2\/media\/87272"}],"wp:attachment":[{"href":"https:\/\/eldiariodesanpedro.com.ar\/sitio\/wp-json\/wp\/v2\/media?parent=87271"}],"wp:term":[{"taxonomy":"category","embeddable":true,"href":"https:\/\/eldiariodesanpedro.com.ar\/sitio\/wp-json\/wp\/v2\/categories?post=87271"},{"taxonomy":"post_tag","embeddable":true,"href":"https:\/\/eldiariodesanpedro.com.ar\/sitio\/wp-json\/wp\/v2\/tags?post=87271"}],"curies":[{"name":"wp","href":"https:\/\/api.w.org\/{rel}","templated":true}]}}