{"id":87268,"date":"2021-02-08T10:33:16","date_gmt":"2021-02-08T13:33:16","guid":{"rendered":"https:\/\/eldiariodesanpedro.com.ar\/sitio\/?p=87268"},"modified":"2021-02-08T10:33:21","modified_gmt":"2021-02-08T13:33:21","slug":"baradero-desbaratan-una-clandestina-con-mas-de-100-jovenes","status":"publish","type":"post","link":"https:\/\/eldiariodesanpedro.com.ar\/sitio\/baradero-desbaratan-una-clandestina-con-mas-de-100-jovenes\/","title":{"rendered":"BARADERO | Desbaratan una clandestina con mas de 100 j\u00f3venes"},"content":{"rendered":"<!-- VideographyWP Plugin Message: Automatic video embedding prevented by plugin options. -->\n\n<p>Domingo 03.30 hs se toma conocimiento que en calle Rodr\u00edguez al 1300 aproximadamente se estaba llevando una fiesta multitudinaria, constituidos corroboran veracidad de los hechos, estableciendo que hab\u00eda mas de 100 j\u00f3venes rondando por la zona e ingresando a una vivienda particular, por lo que se solicita presencia de personal de Inspecci\u00f3n Municipal, quienes proceden a labrar infracci\u00f3n a ordenanza municipal a propietario de la finca por realizar una reuni\u00f3n multitudinaria en su domicilio.- Se logro desconcentrar a los j\u00f3venes luego de unos minutos.<\/p>\n","protected":false},"excerpt":{"rendered":"<p>Domingo 03.30 hs se toma conocimiento que en calle Rodr\u00edguez al 1300 aproximadamente se estaba llevando una fiesta multitudinaria, constituidos corroboran veracidad de los hechos, estableciendo que hab\u00eda mas de 100 j\u00f3venes rondando por la zona e ingresando a una vivienda particular, por lo que se solicita presencia de personal de Inspecci\u00f3n Municipal, quienes proceden [&hellip;]<\/p>\n","protected":false},"author":4,"featured_media":87269,"comment_status":"open","ping_status":"closed","sticky":false,"template":"","format":"standard","meta":{"om_disable_all_campaigns":false,"_jetpack_memberships_contains_paid_content":false,"footnotes":""},"categories":[621],"tags":[],"class_list":["post-87268","post","type-post","status-publish","format-standard","has-post-thumbnail","hentry","category-regionales"],"aioseo_notices":[],"gutentor_comment":0,"jetpack_featured_media_url":"https:\/\/eldiariodesanpedro.com.ar\/sitio\/wp-content\/uploads\/2021\/02\/DSC_7660-640x480-1.jpg","jetpack_shortlink":"https:\/\/wp.me\/p6RhLt-mHy","jetpack_sharing_enabled":true,"_links":{"self":[{"href":"https:\/\/eldiariodesanpedro.com.ar\/sitio\/wp-json\/wp\/v2\/posts\/87268","targetHints":{"allow":["GET"]}}],"collection":[{"href":"https:\/\/eldiariodesanpedro.com.ar\/sitio\/wp-json\/wp\/v2\/posts"}],"about":[{"href":"https:\/\/eldiariodesanpedro.com.ar\/sitio\/wp-json\/wp\/v2\/types\/post"}],"author":[{"embeddable":true,"href":"https:\/\/eldiariodesanpedro.com.ar\/sitio\/wp-json\/wp\/v2\/users\/4"}],"replies":[{"embeddable":true,"href":"https:\/\/eldiariodesanpedro.com.ar\/sitio\/wp-json\/wp\/v2\/comments?post=87268"}],"version-history":[{"count":1,"href":"https:\/\/eldiariodesanpedro.com.ar\/sitio\/wp-json\/wp\/v2\/posts\/87268\/revisions"}],"predecessor-version":[{"id":87270,"href":"https:\/\/eldiariodesanpedro.com.ar\/sitio\/wp-json\/wp\/v2\/posts\/87268\/revisions\/87270"}],"wp:featuredmedia":[{"embeddable":true,"href":"https:\/\/eldiariodesanpedro.com.ar\/sitio\/wp-json\/wp\/v2\/media\/87269"}],"wp:attachment":[{"href":"https:\/\/eldiariodesanpedro.com.ar\/sitio\/wp-json\/wp\/v2\/media?parent=87268"}],"wp:term":[{"taxonomy":"category","embeddable":true,"href":"https:\/\/eldiariodesanpedro.com.ar\/sitio\/wp-json\/wp\/v2\/categories?post=87268"},{"taxonomy":"post_tag","embeddable":true,"href":"https:\/\/eldiariodesanpedro.com.ar\/sitio\/wp-json\/wp\/v2\/tags?post=87268"}],"curies":[{"name":"wp","href":"https:\/\/api.w.org\/{rel}","templated":true}]}}