{"id":87265,"date":"2021-02-08T10:31:16","date_gmt":"2021-02-08T13:31:16","guid":{"rendered":"https:\/\/eldiariodesanpedro.com.ar\/sitio\/?p=87265"},"modified":"2021-02-08T10:31:20","modified_gmt":"2021-02-08T13:31:20","slug":"baradero-exitosa-segunda-edicion-de-mercado-raiz-en-el-paseo-del-puerto","status":"publish","type":"post","link":"https:\/\/eldiariodesanpedro.com.ar\/sitio\/baradero-exitosa-segunda-edicion-de-mercado-raiz-en-el-paseo-del-puerto\/","title":{"rendered":"BARADERO | Exitosa segunda edici\u00f3n de Mercado Ra\u00edz en el Paseo del Puerto"},"content":{"rendered":"<!-- VideographyWP Plugin Message: Automatic video embedding prevented by plugin options. -->\n\n<p>El flamante&nbsp;espacio para todos aquellos&nbsp;<strong>productores locales y regionales que realizan productos saludables, org\u00e1nicos, artesanales y lo mejor en gastronom\u00eda y variedad de art\u00edculos se reiter\u00f3 el pasado s\u00e1bado cumpliendo con su segunda edici\u00f3n en el Paseo del Puerto<\/strong>. El evento se desarrolla todos los s\u00e1bados desde las 18 horas con propuestas gastron\u00f3micas, el Mercadito Verde sustentable, el Paseo de Artesanos y espect\u00e1culos en vivo protagonizados por artistas de Baradero.&nbsp;&nbsp;<\/p>\n\n\n\n<p><strong>Mercado Ra\u00edz<\/strong>&nbsp;se divide en tres sectores dentro del Paseo del Puerto: desde su entrada marcada por un imponente cartel hacia la izquierda el&nbsp;<strong>Mercadito Verde<\/strong>: compuestos de comida sustentable y productos saludables y ecol\u00f3gicos -incluida la cocina saludable en vivo-. Incluso en el Mercadito Verde se pueden ver varias elaboraciones y actividades que involucran el dise\u00f1o del producto, dise\u00f1o del proceso, proceso de producci\u00f3n y empaques para los productos, de tal manera que no da\u00f1en o contaminen al ambiente en su etapa final. &nbsp;Junto a \u00e9l, se encuentra el patio de comidas y un espacio sumamente acogedor frente al r\u00edo, para disfrutar entre amigos y con la familia.&nbsp;&nbsp;<\/p>\n\n\n\n<p><strong><em>\u201cUna experiencia que hac\u00eda muchos a\u00f1os no percib\u00edamos, estamos convencidos que esta forma de llevar el conocimiento de la buena nutrici\u00f3n y alimentaci\u00f3n a los pueblos es una forma pr\u00e1ctica y queda en las personas el \u00e9nfasis de que hay que nutrirse bien para vivir prolongadamente. Cuando entr\u00e9 a Mercado Ra\u00edz, me impresion\u00f3 el lugar, es bell\u00edsimo y dije que esto hace mucho tiempo no lo ve\u00edamos, tenerlo en Baradero es una maravilla\u201d&nbsp;<\/em><\/strong>cont\u00f3 Alberto, productor de&nbsp;<strong><em>Cocina Vida<\/em><\/strong><em>,<\/em>&nbsp;uno de los stands de cocina en vivo que componen el Mercado Ra\u00edz, con propuestas culinarias sustentables y veganas.&nbsp;&nbsp;<\/p>\n\n\n\n<p>Por otro lado, la entrada hacia el sector derecho se mont\u00f3 el&nbsp;<strong>Paseo de Artesanos<\/strong>&nbsp;con puestos los puestos de artistas locales que deleitan con productos \u00fanicos e irrepetibles y de gran calidad.&nbsp;&nbsp;&nbsp;&nbsp;<\/p>\n\n\n\n<p>La identidad de Mercado Ra\u00edz tambi\u00e9n se refleja en generar concientizaci\u00f3n sobre el cuidado del ambiente. Es por eso que para la separaci\u00f3n de residuos se dispuso de cestos de basura distribuidos por el Paseo del Puerto para lograr el descarte diferenciado de todos aquellos residuos que pueden ser reciclados. A diferencia de la primera edici\u00f3n, se sumaron recuperadores urbanos locales con entrega de folletos para la concientizaci\u00f3n e informaci\u00f3n sobre el reciclado y el cuidado del ambiente.&nbsp;&nbsp;<\/p>\n\n\n\n<p>Adem\u00e1s de Mercadito Verde y Paseo de Artesanos, el evento es una gran oportunidad para promover el arte de los m\u00fasicos y artistas de la ciudad mientras se disfruta de las propuestas gastron\u00f3micas. En esta oportunidad se desplegaron en el escenario Nicol\u00e1s Nouet (Malabares) \u2013 Ale Sosa (Cumbia) \u2013 Ezequiel Lizarraga (Cuarteto) \u2013 Rapzodas (Rock) \u2013 The Ju\u00e1rez (Rock) \u2013 HomenaG (Rock). Sin dejar de lado el trabajo de la muralista Lucila P\u00e9rez en la creaci\u00f3n y pintura del mural en uno de los galpones del puerto, dejando sellada la marca de Mercado Ra\u00edz.&nbsp;&nbsp;<\/p>\n\n\n\n<p>El evento continuar\u00e1 el pr\u00f3ximo s\u00e1bado y domingo desde las 18 horas en el Paseo del Puerto (Av. Almirante Brown S\/N).&nbsp;&nbsp;<\/p>\n\n\n\n<p>Fuente: <a href=\"https:\/\/tulineadirecta.com\/exitosa-segunda-edicion-de-mercado-raiz-en-el-paseo-del-puerto\/\">tu Linea Directa<\/a><\/p>\n\n\n\n<p><a href=\"https:\/\/tulineadirecta.com\/author\/tulineadirecta1\/\"><\/a><\/p>\n","protected":false},"excerpt":{"rendered":"<p>El flamante&nbsp;espacio para todos aquellos&nbsp;productores locales y regionales que realizan productos saludables, org\u00e1nicos, artesanales y lo mejor en gastronom\u00eda y variedad de art\u00edculos se reiter\u00f3 el pasado s\u00e1bado cumpliendo con su segunda edici\u00f3n en el Paseo del Puerto. El evento se desarrolla todos los s\u00e1bados desde las 18 horas con propuestas gastron\u00f3micas, el Mercadito Verde [&hellip;]<\/p>\n","protected":false},"author":4,"featured_media":87266,"comment_status":"open","ping_status":"closed","sticky":false,"template":"","format":"standard","meta":{"om_disable_all_campaigns":false,"_jetpack_memberships_contains_paid_content":false,"footnotes":""},"categories":[621],"tags":[],"class_list":["post-87265","post","type-post","status-publish","format-standard","has-post-thumbnail","hentry","category-regionales"],"aioseo_notices":[],"gutentor_comment":0,"jetpack_featured_media_url":"https:\/\/eldiariodesanpedro.com.ar\/sitio\/wp-content\/uploads\/2021\/02\/IMG_9216-Copy.jpg","jetpack_shortlink":"https:\/\/wp.me\/p6RhLt-mHv","jetpack_sharing_enabled":true,"_links":{"self":[{"href":"https:\/\/eldiariodesanpedro.com.ar\/sitio\/wp-json\/wp\/v2\/posts\/87265","targetHints":{"allow":["GET"]}}],"collection":[{"href":"https:\/\/eldiariodesanpedro.com.ar\/sitio\/wp-json\/wp\/v2\/posts"}],"about":[{"href":"https:\/\/eldiariodesanpedro.com.ar\/sitio\/wp-json\/wp\/v2\/types\/post"}],"author":[{"embeddable":true,"href":"https:\/\/eldiariodesanpedro.com.ar\/sitio\/wp-json\/wp\/v2\/users\/4"}],"replies":[{"embeddable":true,"href":"https:\/\/eldiariodesanpedro.com.ar\/sitio\/wp-json\/wp\/v2\/comments?post=87265"}],"version-history":[{"count":1,"href":"https:\/\/eldiariodesanpedro.com.ar\/sitio\/wp-json\/wp\/v2\/posts\/87265\/revisions"}],"predecessor-version":[{"id":87267,"href":"https:\/\/eldiariodesanpedro.com.ar\/sitio\/wp-json\/wp\/v2\/posts\/87265\/revisions\/87267"}],"wp:featuredmedia":[{"embeddable":true,"href":"https:\/\/eldiariodesanpedro.com.ar\/sitio\/wp-json\/wp\/v2\/media\/87266"}],"wp:attachment":[{"href":"https:\/\/eldiariodesanpedro.com.ar\/sitio\/wp-json\/wp\/v2\/media?parent=87265"}],"wp:term":[{"taxonomy":"category","embeddable":true,"href":"https:\/\/eldiariodesanpedro.com.ar\/sitio\/wp-json\/wp\/v2\/categories?post=87265"},{"taxonomy":"post_tag","embeddable":true,"href":"https:\/\/eldiariodesanpedro.com.ar\/sitio\/wp-json\/wp\/v2\/tags?post=87265"}],"curies":[{"name":"wp","href":"https:\/\/api.w.org\/{rel}","templated":true}]}}