{"id":87262,"date":"2021-02-08T09:59:18","date_gmt":"2021-02-08T12:59:18","guid":{"rendered":"https:\/\/eldiariodesanpedro.com.ar\/sitio\/?p=87262"},"modified":"2021-02-08T09:59:22","modified_gmt":"2021-02-08T12:59:22","slug":"impusieron-el-nombre-de-guillermo-volpe-a-una-calle-de-mar-de-plata","status":"publish","type":"post","link":"https:\/\/eldiariodesanpedro.com.ar\/sitio\/impusieron-el-nombre-de-guillermo-volpe-a-una-calle-de-mar-de-plata\/","title":{"rendered":"Impusieron el nombre de Guillermo Volpe a una calle de Mar de Plata"},"content":{"rendered":"<!-- VideographyWP Plugin Message: Automatic video embedding prevented by plugin options. -->\n\n<p>Despu\u00e9s de mucho esfuerzo, sus compa\u00f1eros, con Daniel Cesar Lugea a la cabeza, lograron que la bajada a Playa Grande lleve el nombre \u201cGuardavida Guillermo Volpe\u201d en homenaje al sampedrino y a todos los que arriesgan su vida para mantener a salvo la de otros.\u00a0<\/p>\n\n\n\n<p>Con la presencia de su hermana \u00abChina\u00bb Volpe, quien viaj\u00f3 especialmente desde San Pedro, adem\u00e1s de otros familiares, se realiz\u00f3 el acto homenaje al guardavidas sampedrino Guillermo Volpe en Mar del Plata.<\/p>\n\n\n\n<p>El acto oficial por el D\u00eda del Guardavidas se desarroll\u00f3 el domingo\u00a0en las instalaciones del Balneario 8 del Complejo Playa Grande, de Mar del Plata, donde se realiz\u00f3 tambi\u00e9n un emotivo homenaje a la figura de Guillermo Volpe, guardavidas que falleci\u00f3 en ese sector el 4 de febrero de 1978. Se arrojaron al mar sus cenizas y se oficializ\u00f3 el cambio de nombre de la calle Paseo Dr. Celso Aldao por el de \u201cGuardavidas Guillermo Volpe\u201d.<\/p>\n\n\n\n<p>Del acto particip\u00f3 el intendente Guillermo Montenegro, quien agradeci\u00f3 la invitaci\u00f3n \u201cdesde dos lugares\u201d. \u201cPor un lado, por toda la ayuda que brindaron durante todo el a\u00f1o, pero tambi\u00e9n por el orgullo de tener el cuerpo de guardavidas que tiene nuestra ciudad\u201d, se\u00f1al\u00f3.<br>Del acto tambi\u00e9n participaron familiares del homenajeado, representantes de las entidades gremiales que nuclean a los guardavidas de la ciudad y concejales de distintos bloques, entre otros.<\/p>\n\n\n\n<p>El 4 de febrero de 1978 un valiente y joven rescatista protagonizaba una lamentable tragedia que lo llev\u00f3 a convertirse en h\u00e9roe nacional.<\/p>\n\n\n\n<p>Cada&nbsp;4&nbsp;de&nbsp;febrero&nbsp;en&nbsp;la&nbsp;Argentina&nbsp;se&nbsp;celebra&nbsp;el&nbsp;D\u00eda&nbsp;Nacional&nbsp;del&nbsp;Guardavidas&nbsp;en&nbsp;homenaje a Guillermo \u201cChino\u201d Volpe, el&nbsp;primer rescatista muerto&nbsp;al intentar salvarle la vida a un ba\u00f1ista que se estaba ahogando en&nbsp;una playa de&nbsp;Mar del&nbsp;Plata,&nbsp;ese d\u00eda del a\u00f1o 1978.<\/p>\n\n\n\n<p>As\u00ed, mientras al a\u00f1o siguiente, sus colegas decidieron instituir la&nbsp;fecha&nbsp;como&nbsp;un homenaje a los guardavidas argentinos,&nbsp;una d\u00e9cada m\u00e1s tarde&nbsp;se estableci\u00f3 oficialmente el&nbsp;D\u00eda del Profesional del Rescate Acu\u00e1tico.<\/p>\n\n\n\n<p>El tr\u00e1gico episodio&nbsp;tuvo lugar en&nbsp;Playa Grande, cerca del&nbsp;Instituto de Biolog\u00eda Marina,&nbsp;cuando al observar&nbsp;que un adolescente se estaba ahogando, el tambi\u00e9n&nbsp;joven guardavidas sampedrino &nbsp;de&nbsp;22&nbsp;a\u00f1os que llevaba muy pocos d\u00edas en esa playa, sali\u00f3 lanzado como puntero, escoltado por&nbsp;Alfredo Marasco, Silvio Gar\u00edspoli, Jos\u00e9 Luis Queseda, Eugenio Raimondi, Jorge Vaccaro y Patricio Tauler, en su&nbsp;salvataje.<\/p>\n\n\n\n<p>Una vez terminado el rescate con \u00e9xito,&nbsp;todos volvieron a la costa, a excepci\u00f3n del \u201cChino\u201d, por lo que sus compa\u00f1eros volvieron inmediatamente al agua en su&nbsp;desesperada&nbsp; b\u00fasqueda.&nbsp;<\/p>\n\n\n\n<p>Tras varios minutos de intentarlo,&nbsp;la desaz\u00f3n y el dolor empez\u00f3 a apoderarse de sus compa\u00f1eros que temieron lo peor. Lamentablemente su premonici\u00f3n no estaba errada ya que, al mediod\u00eda del 8 de febrero dos pescadores encontraron, a la altura de la Escollera Norte, el cuerpo sin vida de Volpe que fue rescatado por dos colegas de Volpe.<\/p>\n\n\n\n<p>Horas m\u00e1s tarde, la autopsia determin\u00f3 que hab\u00eda muerto de un infarto cuando estaba intentando rescatar al adolescente que se ahogaba. As\u00ed, tristemente, el valiente h\u00e9roe se convert\u00eda en el&nbsp;primer guardavidas argentino&nbsp; fallecido en medio de un rescate.<\/p>\n\n\n\n<p>El 4 de febrero del a\u00f1o siguiente, sus colegas organizaron un\u00a0homenaje en su memoria. Desde esa primera conmemoraci\u00f3n,\u00a0ininterrumpidamente, se mantiene esa solidaria y sentida tradici\u00f3n: cada 4 de febrero, se realiza un\u00a0acto- homenaje\u00a0en el que se depositan\u00a0ofrendas florales en el monolito\u00a0que recuerda a Guillermo Volpe, ubicado en la\u00a0entrada del balneario donde perdi\u00f3 la vida en cumplimiento de su deber.<\/p>\n\n\n\n<p>Fuente: <a href=\"https:\/\/www.sanpedroinforma.com.ar\/nota\/124000\/sociedad\/impusieron-el-nombre-de-guillermo-volpe-a-una-calle-de-mar-de-plata.html\">San Pedro Informa<\/a><\/p>\n","protected":false},"excerpt":{"rendered":"<p>Despu\u00e9s de mucho esfuerzo, sus compa\u00f1eros, con Daniel Cesar Lugea a la cabeza, lograron que la bajada a Playa Grande lleve el nombre \u201cGuardavida Guillermo Volpe\u201d en homenaje al sampedrino y a todos los que arriesgan su vida para mantener a salvo la de otros.\u00a0 Con la presencia de su hermana \u00abChina\u00bb Volpe, quien viaj\u00f3 [&hellip;]<\/p>\n","protected":false},"author":4,"featured_media":87263,"comment_status":"open","ping_status":"closed","sticky":false,"template":"","format":"standard","meta":{"om_disable_all_campaigns":false,"_jetpack_memberships_contains_paid_content":false,"footnotes":""},"categories":[101,2],"tags":[2118,696,33],"class_list":["post-87262","post","type-post","status-publish","format-standard","has-post-thumbnail","hentry","category-interes-general-locales","category-locales","tag-impusieron-el-nombre-de-guillermo-volpe-a-una-calle-de-mar-de-plata","tag-interes-general","tag-locales"],"aioseo_notices":[],"gutentor_comment":0,"jetpack_featured_media_url":"https:\/\/eldiariodesanpedro.com.ar\/sitio\/wp-content\/uploads\/2021\/02\/000089919.jpg","jetpack_shortlink":"https:\/\/wp.me\/p6RhLt-mHs","jetpack_sharing_enabled":true,"_links":{"self":[{"href":"https:\/\/eldiariodesanpedro.com.ar\/sitio\/wp-json\/wp\/v2\/posts\/87262","targetHints":{"allow":["GET"]}}],"collection":[{"href":"https:\/\/eldiariodesanpedro.com.ar\/sitio\/wp-json\/wp\/v2\/posts"}],"about":[{"href":"https:\/\/eldiariodesanpedro.com.ar\/sitio\/wp-json\/wp\/v2\/types\/post"}],"author":[{"embeddable":true,"href":"https:\/\/eldiariodesanpedro.com.ar\/sitio\/wp-json\/wp\/v2\/users\/4"}],"replies":[{"embeddable":true,"href":"https:\/\/eldiariodesanpedro.com.ar\/sitio\/wp-json\/wp\/v2\/comments?post=87262"}],"version-history":[{"count":1,"href":"https:\/\/eldiariodesanpedro.com.ar\/sitio\/wp-json\/wp\/v2\/posts\/87262\/revisions"}],"predecessor-version":[{"id":87264,"href":"https:\/\/eldiariodesanpedro.com.ar\/sitio\/wp-json\/wp\/v2\/posts\/87262\/revisions\/87264"}],"wp:featuredmedia":[{"embeddable":true,"href":"https:\/\/eldiariodesanpedro.com.ar\/sitio\/wp-json\/wp\/v2\/media\/87263"}],"wp:attachment":[{"href":"https:\/\/eldiariodesanpedro.com.ar\/sitio\/wp-json\/wp\/v2\/media?parent=87262"}],"wp:term":[{"taxonomy":"category","embeddable":true,"href":"https:\/\/eldiariodesanpedro.com.ar\/sitio\/wp-json\/wp\/v2\/categories?post=87262"},{"taxonomy":"post_tag","embeddable":true,"href":"https:\/\/eldiariodesanpedro.com.ar\/sitio\/wp-json\/wp\/v2\/tags?post=87262"}],"curies":[{"name":"wp","href":"https:\/\/api.w.org\/{rel}","templated":true}]}}