{"id":8726,"date":"2016-10-11T21:29:59","date_gmt":"2016-10-12T00:29:59","guid":{"rendered":"https:\/\/eldiariodesanpedro.com.ar\/sitio\/?p=8726"},"modified":"2016-10-11T21:29:59","modified_gmt":"2016-10-12T00:29:59","slug":"una-mujer-relato-como-un-delincuente-la-golpeo-todo-lo-que-pudo-sin-contemplaciones","status":"publish","type":"post","link":"https:\/\/eldiariodesanpedro.com.ar\/sitio\/una-mujer-relato-como-un-delincuente-la-golpeo-todo-lo-que-pudo-sin-contemplaciones\/","title":{"rendered":"Una mujer relat\u00f3 c\u00f3mo un delincuente la golpe\u00f3 \u201ctodo lo que pudo, sin contemplaciones\u201d"},"content":{"rendered":"<p><!-- VideographyWP Plugin Message: Automatic video embedding prevented by plugin options. --><br \/>\nUna mujer dio a conocer la dif\u00edcil situaci\u00f3n que debi\u00f3 atravesar cuando un delincuente le rob\u00f3 el celular a su hija. A trav\u00e9s de su Facebook, Rosal\u00eda Piernabieja relat\u00f3: \u201cUna vez m\u00e1s v\u00edctima de la inseguridad, pero esta vez no fui yo sola, mi hija menor presenci\u00f3 y fue golpeada al igual que yo, todo por un celular que a este negro de m***, porque no encuentro otra forma de llamarlo, no le va a servir para nada\u201d.<br \/>\nY agreg\u00f3: \u201cLuch\u00e9 como nunca sin saber si estaba armado o no, porque no quer\u00eda que le saquen el celular a mi hija que con tanto esfuerzo le compramos. Yo sin saber en un principio que ella lo hab\u00eda llevado, le dije que no ten\u00eda un celular, era todo lo que quer\u00eda este negro de m***, y as\u00ed y todo me golpe\u00f3 todo lo que pudo sin contemplaciones, no le interes\u00f3 que estaba mi hija llorando, pidi\u00e9ndole por favor que no me lastime m\u00e1s\u201d.<br \/>\nAl tiempo que se\u00f1al\u00f3: \u201cPero lo que m\u00e1s me molest\u00f3 y doli\u00f3 m\u00e1s all\u00e1 de los golpes y lo que m\u00e1s me duele es la falta de solidaridad de la gente, grit\u00e9 mucho, ped\u00ed auxilio miles de veces y nadie, pero nadie sali\u00f3 a socorrernos, lamentablemente seguimos en la onda del \u2018no te metas\u2019. Ya no s\u00e9 qu\u00e9 m\u00e1s decir\u2026\u201d.<\/p>\n","protected":false},"excerpt":{"rendered":"<p>Una mujer dio a conocer la dif\u00edcil situaci\u00f3n que debi\u00f3 atravesar cuando un delincuente le rob\u00f3 el celular a su hija. A trav\u00e9s de su Facebook, Rosal\u00eda Piernabieja relat\u00f3: \u201cUna vez m\u00e1s v\u00edctima de la inseguridad, pero esta vez no fui yo sola, mi hija menor presenci\u00f3 y fue golpeada al igual que yo, todo [&hellip;]<\/p>\n","protected":false},"author":4,"featured_media":8727,"comment_status":"open","ping_status":"closed","sticky":false,"template":"","format":"standard","meta":{"om_disable_all_campaigns":false,"_jetpack_memberships_contains_paid_content":false,"footnotes":""},"categories":[2],"tags":[],"class_list":["post-8726","post","type-post","status-publish","format-standard","has-post-thumbnail","hentry","category-locales"],"aioseo_notices":[],"gutentor_comment":0,"jetpack_featured_media_url":"https:\/\/eldiariodesanpedro.com.ar\/sitio\/wp-content\/uploads\/2016\/10\/descarga.jpg","jetpack_shortlink":"https:\/\/wp.me\/p6RhLt-2gK","jetpack_sharing_enabled":true,"_links":{"self":[{"href":"https:\/\/eldiariodesanpedro.com.ar\/sitio\/wp-json\/wp\/v2\/posts\/8726","targetHints":{"allow":["GET"]}}],"collection":[{"href":"https:\/\/eldiariodesanpedro.com.ar\/sitio\/wp-json\/wp\/v2\/posts"}],"about":[{"href":"https:\/\/eldiariodesanpedro.com.ar\/sitio\/wp-json\/wp\/v2\/types\/post"}],"author":[{"embeddable":true,"href":"https:\/\/eldiariodesanpedro.com.ar\/sitio\/wp-json\/wp\/v2\/users\/4"}],"replies":[{"embeddable":true,"href":"https:\/\/eldiariodesanpedro.com.ar\/sitio\/wp-json\/wp\/v2\/comments?post=8726"}],"version-history":[{"count":2,"href":"https:\/\/eldiariodesanpedro.com.ar\/sitio\/wp-json\/wp\/v2\/posts\/8726\/revisions"}],"predecessor-version":[{"id":8730,"href":"https:\/\/eldiariodesanpedro.com.ar\/sitio\/wp-json\/wp\/v2\/posts\/8726\/revisions\/8730"}],"wp:featuredmedia":[{"embeddable":true,"href":"https:\/\/eldiariodesanpedro.com.ar\/sitio\/wp-json\/wp\/v2\/media\/8727"}],"wp:attachment":[{"href":"https:\/\/eldiariodesanpedro.com.ar\/sitio\/wp-json\/wp\/v2\/media?parent=8726"}],"wp:term":[{"taxonomy":"category","embeddable":true,"href":"https:\/\/eldiariodesanpedro.com.ar\/sitio\/wp-json\/wp\/v2\/categories?post=8726"},{"taxonomy":"post_tag","embeddable":true,"href":"https:\/\/eldiariodesanpedro.com.ar\/sitio\/wp-json\/wp\/v2\/tags?post=8726"}],"curies":[{"name":"wp","href":"https:\/\/api.w.org\/{rel}","templated":true}]}}