{"id":87249,"date":"2021-02-06T14:01:33","date_gmt":"2021-02-06T17:01:33","guid":{"rendered":"https:\/\/eldiariodesanpedro.com.ar\/sitio\/?p=87249"},"modified":"2021-02-06T14:01:38","modified_gmt":"2021-02-06T17:01:38","slug":"paseo-de-los-canastos-peatonal-desde-las-19","status":"publish","type":"post","link":"https:\/\/eldiariodesanpedro.com.ar\/sitio\/paseo-de-los-canastos-peatonal-desde-las-19\/","title":{"rendered":"Paseo de los Canastos \u00abpeatonal\u00bb desde las 19"},"content":{"rendered":"<!-- VideographyWP Plugin Message: Automatic video embedding prevented by plugin options. -->\n\n<p>La Secretar\u00eda de Turismo de la Municipalidad de San Pedro informa que este s\u00e1bado desde las 19 la Direcci\u00f3n de Tr\u00e1nsito y Nocturnidad realizar\u00e1 un corte de la Avenida 11 de Septiembre entre el 0 y el 100 para facilitar la circulaci\u00f3n peatonal en la zona del \u00abPaseo de los Canastos\u00bb y permitir la instalaci\u00f3n de mesas y sillas de los emprendimientos gastron\u00f3micos de ese sector.<\/p>\n\n\n\n<p>Para ordenar la circulaci\u00f3n se restingir\u00e1 el estacionamiento y se realizar\u00e1n los desv\u00edos correspondientes.<\/p>\n\n\n\n<p>Invitamos a los sampedrinos y turistas a recorrer este lugar que se conecta con el Paseo Agenor Almada y ofrece una nueva opci\u00f3n al aire libre.<\/p>\n","protected":false},"excerpt":{"rendered":"<p>La Secretar\u00eda de Turismo de la Municipalidad de San Pedro informa que este s\u00e1bado desde las 19 la Direcci\u00f3n de Tr\u00e1nsito y Nocturnidad realizar\u00e1 un corte de la Avenida 11 de Septiembre entre el 0 y el 100 para facilitar la circulaci\u00f3n peatonal en la zona del \u00abPaseo de los Canastos\u00bb y permitir la instalaci\u00f3n [&hellip;]<\/p>\n","protected":false},"author":4,"featured_media":87250,"comment_status":"open","ping_status":"closed","sticky":false,"template":"","format":"standard","meta":{"om_disable_all_campaigns":false,"_jetpack_memberships_contains_paid_content":false,"footnotes":""},"categories":[50,101,2],"tags":[],"class_list":["post-87249","post","type-post","status-publish","format-standard","has-post-thumbnail","hentry","category-destacadas","category-interes-general-locales","category-locales"],"aioseo_notices":[],"gutentor_comment":0,"jetpack_featured_media_url":"https:\/\/eldiariodesanpedro.com.ar\/sitio\/wp-content\/uploads\/2021\/02\/20210206_135416.jpg","jetpack_shortlink":"https:\/\/wp.me\/p6RhLt-mHf","jetpack_sharing_enabled":true,"_links":{"self":[{"href":"https:\/\/eldiariodesanpedro.com.ar\/sitio\/wp-json\/wp\/v2\/posts\/87249","targetHints":{"allow":["GET"]}}],"collection":[{"href":"https:\/\/eldiariodesanpedro.com.ar\/sitio\/wp-json\/wp\/v2\/posts"}],"about":[{"href":"https:\/\/eldiariodesanpedro.com.ar\/sitio\/wp-json\/wp\/v2\/types\/post"}],"author":[{"embeddable":true,"href":"https:\/\/eldiariodesanpedro.com.ar\/sitio\/wp-json\/wp\/v2\/users\/4"}],"replies":[{"embeddable":true,"href":"https:\/\/eldiariodesanpedro.com.ar\/sitio\/wp-json\/wp\/v2\/comments?post=87249"}],"version-history":[{"count":1,"href":"https:\/\/eldiariodesanpedro.com.ar\/sitio\/wp-json\/wp\/v2\/posts\/87249\/revisions"}],"predecessor-version":[{"id":87251,"href":"https:\/\/eldiariodesanpedro.com.ar\/sitio\/wp-json\/wp\/v2\/posts\/87249\/revisions\/87251"}],"wp:featuredmedia":[{"embeddable":true,"href":"https:\/\/eldiariodesanpedro.com.ar\/sitio\/wp-json\/wp\/v2\/media\/87250"}],"wp:attachment":[{"href":"https:\/\/eldiariodesanpedro.com.ar\/sitio\/wp-json\/wp\/v2\/media?parent=87249"}],"wp:term":[{"taxonomy":"category","embeddable":true,"href":"https:\/\/eldiariodesanpedro.com.ar\/sitio\/wp-json\/wp\/v2\/categories?post=87249"},{"taxonomy":"post_tag","embeddable":true,"href":"https:\/\/eldiariodesanpedro.com.ar\/sitio\/wp-json\/wp\/v2\/tags?post=87249"}],"curies":[{"name":"wp","href":"https:\/\/api.w.org\/{rel}","templated":true}]}}