{"id":87246,"date":"2021-02-06T12:54:12","date_gmt":"2021-02-06T15:54:12","guid":{"rendered":"https:\/\/eldiariodesanpedro.com.ar\/sitio\/?p=87246"},"modified":"2021-02-06T12:54:16","modified_gmt":"2021-02-06T15:54:16","slug":"el-arco-en-c-ya-se-utiliza-para-cirugias-programadas-en-el-hospital","status":"publish","type":"post","link":"https:\/\/eldiariodesanpedro.com.ar\/sitio\/el-arco-en-c-ya-se-utiliza-para-cirugias-programadas-en-el-hospital\/","title":{"rendered":"El Arco en C ya se utiliza para cirug\u00edas programadas en el Hospital"},"content":{"rendered":"<!-- VideographyWP Plugin Message: Automatic video embedding prevented by plugin options. -->\n\n<p>En el Hospital Emilio Ruffa se practic\u00f3 este viernes 5 de febrero la primera cirug\u00eda programada con la utilizaci\u00f3n del Arco en C que se incorpor\u00f3 al equipamiento del quir\u00f3fano.<\/p>\n\n\n\n<p>Tras la instalaci\u00f3n de este elemento que permite concretar cirug\u00edas complejas sin la necesidad de derivaciones, se hab\u00eda efectuado la primera experiencia en emergencia con la intervenci\u00f3n a una ni\u00f1a con una fractura que en otras condiciones hubiese requerido un traslado y un per\u00edodo m\u00e1s largo de recuperaci\u00f3n.<\/p>\n\n\n\n<p>La cirug\u00eda por una fractura de pierna, de la que compartimos im\u00e1genes ha sido la primera, seguramente de muchas m\u00e1s que podr\u00e1n programarse para brindar un servicio m\u00e1s eficiente a todos los vecinos que concurren al Hospital Municipal.<\/p>\n\n\n\n<p>El paciente, un joven de 18 a\u00f1os, se recupera sin inconvenientes en una sala de internaci\u00f3n a la espera de su alta.<\/p>\n","protected":false},"excerpt":{"rendered":"<p>En el Hospital Emilio Ruffa se practic\u00f3 este viernes 5 de febrero la primera cirug\u00eda programada con la utilizaci\u00f3n del Arco en C que se incorpor\u00f3 al equipamiento del quir\u00f3fano. Tras la instalaci\u00f3n de este elemento que permite concretar cirug\u00edas complejas sin la necesidad de derivaciones, se hab\u00eda efectuado la primera experiencia en emergencia con [&hellip;]<\/p>\n","protected":false},"author":4,"featured_media":87247,"comment_status":"open","ping_status":"closed","sticky":false,"template":"","format":"standard","meta":{"om_disable_all_campaigns":false,"_jetpack_memberships_contains_paid_content":false,"footnotes":""},"categories":[101,2],"tags":[],"class_list":["post-87246","post","type-post","status-publish","format-standard","has-post-thumbnail","hentry","category-interes-general-locales","category-locales"],"aioseo_notices":[],"gutentor_comment":0,"jetpack_featured_media_url":"https:\/\/eldiariodesanpedro.com.ar\/sitio\/wp-content\/uploads\/2021\/02\/WhatsApp-Image-2021-02-06-at-12.33.38-rotated.jpeg","jetpack_shortlink":"https:\/\/wp.me\/p6RhLt-mHc","jetpack_sharing_enabled":true,"_links":{"self":[{"href":"https:\/\/eldiariodesanpedro.com.ar\/sitio\/wp-json\/wp\/v2\/posts\/87246","targetHints":{"allow":["GET"]}}],"collection":[{"href":"https:\/\/eldiariodesanpedro.com.ar\/sitio\/wp-json\/wp\/v2\/posts"}],"about":[{"href":"https:\/\/eldiariodesanpedro.com.ar\/sitio\/wp-json\/wp\/v2\/types\/post"}],"author":[{"embeddable":true,"href":"https:\/\/eldiariodesanpedro.com.ar\/sitio\/wp-json\/wp\/v2\/users\/4"}],"replies":[{"embeddable":true,"href":"https:\/\/eldiariodesanpedro.com.ar\/sitio\/wp-json\/wp\/v2\/comments?post=87246"}],"version-history":[{"count":1,"href":"https:\/\/eldiariodesanpedro.com.ar\/sitio\/wp-json\/wp\/v2\/posts\/87246\/revisions"}],"predecessor-version":[{"id":87248,"href":"https:\/\/eldiariodesanpedro.com.ar\/sitio\/wp-json\/wp\/v2\/posts\/87246\/revisions\/87248"}],"wp:featuredmedia":[{"embeddable":true,"href":"https:\/\/eldiariodesanpedro.com.ar\/sitio\/wp-json\/wp\/v2\/media\/87247"}],"wp:attachment":[{"href":"https:\/\/eldiariodesanpedro.com.ar\/sitio\/wp-json\/wp\/v2\/media?parent=87246"}],"wp:term":[{"taxonomy":"category","embeddable":true,"href":"https:\/\/eldiariodesanpedro.com.ar\/sitio\/wp-json\/wp\/v2\/categories?post=87246"},{"taxonomy":"post_tag","embeddable":true,"href":"https:\/\/eldiariodesanpedro.com.ar\/sitio\/wp-json\/wp\/v2\/tags?post=87246"}],"curies":[{"name":"wp","href":"https:\/\/api.w.org\/{rel}","templated":true}]}}