{"id":87243,"date":"2021-02-06T12:48:01","date_gmt":"2021-02-06T15:48:01","guid":{"rendered":"https:\/\/eldiariodesanpedro.com.ar\/sitio\/?p=87243"},"modified":"2021-02-06T12:48:06","modified_gmt":"2021-02-06T15:48:06","slug":"cuanto-cuestan-los-utiles-de-la-canasta-escolar","status":"publish","type":"post","link":"https:\/\/eldiariodesanpedro.com.ar\/sitio\/cuanto-cuestan-los-utiles-de-la-canasta-escolar\/","title":{"rendered":"\u00bfCu\u00e1nto cuestan los \u00fatiles de la canasta escolar?"},"content":{"rendered":"<!-- VideographyWP Plugin Message: Automatic video embedding prevented by plugin options. -->\n\n<p>De cara al inicio de las clases de forma presencial la Secretar\u00eda de Comercio incluy\u00f3 en la canasta escolar elementos para proteger a los alumnos del Covid-19<\/p>\n\n\n\n<p>Despu\u00e9s de tres a\u00f1os de ca\u00edda del nivel de la actividad y p\u00e9rdida del poder adquisitivo de los salarios, el Gobierno adopta diversas medidas para que los trabajadores puedan recuperar entre 3 y 4 puntos reales, mientras se dirimen con sindicatos y empresarios acuerdos para controlar los precios y, por ende, anclar de a poco la inflaci\u00f3n. En este contexto, el Gobierno Nacional present\u00f3 una\u00a0<strong><a href=\"https:\/\/infocielo.com\/canasta-escolar-a3063\">canasta escolar<\/a><\/strong>\u00a0de cara al inicio de las clases bajo la modalidad presencial que contar\u00e1 con alcohol en gel y barbijos, adem\u00e1s de los cl\u00e1sicos \u00fatiles escolares.<\/p>\n\n\n\n<p>Este a\u00f1o se incluyeron especialmente dos elementos clave para cuidar a los alumnos en el contexto de pandemia como alcohol en gel y barbijos y as\u00ed promover un entorno escolar protegido.&nbsp;<strong>Todos los&nbsp;<a href=\"https:\/\/infocielo.com\/productos-a2087\">productos<\/a>&nbsp;del acuerdo estar\u00e1n disponibles desde el 5 de febrero hasta el 31 de marzo.<\/strong><\/p>\n\n\n\n<p><strong>ENTRE LOS PRODUCTOS DESTACADOS SE ENCUENTRAN:<\/strong><br>&#8211; L\u00e1piz negro Faber Castell a $18<br>&#8211; Caja de l\u00e1pices de colores Faber Castell a $125<br>&#8211; Adhesivo transparente Voligoma a $58<br>&#8211; Repuesto de hojas Gloria a $113,60<br>&#8211; Lapicera con cartucho Simball a $89<br>&#8211; Resaltador Bic a $81,90<br>&#8211; Carpetas a $145 y $162<br>&#8211; Juego de geometr\u00eda Maped a $99<br>&#8211; Zapatillas de tela entre $799 y $999.<br>&#8211; Alcohol en gel desde $99<br>&#8211; Barbijos desde $89.<\/p>\n\n\n\n<p>La canasta de Vuelta al Cole con Precios Cuidados tiene una variaci\u00f3n interanual promedio en los precios del 21% con respecto a los valores de febrero y marzo de 2020.<\/p>\n\n\n\n<p>Participan de este acuerdo m\u00e1s de 500 bocas de expendio, de las cuales cada una contar\u00e1 con un m\u00ednimo de 10 productos escolares a Precios Cuidados.<\/p>\n\n\n\n<p>Los productos podr\u00e1n encontrarse en las cadenas Carrefour, Disco, Jumbo, Vea, Coto, La An\u00f3nima, Walmart y Cooperativa Obrera adem\u00e1s de los locales de Todo Moda y varias librer\u00edas que integran la C\u00e1mara Argentina de Papeler\u00edas, Librer\u00edas y Afines (CAPLA).<\/p>\n\n\n\n<p>En Casa Rosada se muestran confiados en que se podr\u00e1 cumplir con el objetivo inflacionario del casi 30 por ciento presupuestado. La misi\u00f3n del Gobierno tiene hoy dos anclas fuertes: recuperar lo m\u00e1s posible el poder adquisitivo de los trabajadores (el comercio representa la mayor parte del PBI del pa\u00eds) y el control de precios. La activaci\u00f3n del programa de cortes populares con rebajas de hasta el 30 por ciento fue una de las se\u00f1ales de la semana, pese a las avivadas de algunas cadenas de supermercado \u2013una de ellas de la familia de Marcos Pe\u00f1a- que vendieron productos de mala calidad y ahora se suma la canasta escolar con Precios Cuidados.<\/p>\n\n\n\n<p>Fuente: <a href=\"https:\/\/infocielo.com\/canasta-escolar\/cuanto-cuestan-los-utiles-la-n704007\">infocielo<\/a><\/p>\n\n\n\n<p><a href=\"https:\/\/media.infocielo.com\/p\/9d1f11b8147f23aaa0361f9d8d348b55\/adjuntos\/299\/imagenes\/001\/034\/0001034047\/presentaron-la-canasta-escolar-precios-cuidados.jpg\"><\/a><\/p>\n","protected":false},"excerpt":{"rendered":"<p>De cara al inicio de las clases de forma presencial la Secretar\u00eda de Comercio incluy\u00f3 en la canasta escolar elementos para proteger a los alumnos del Covid-19 Despu\u00e9s de tres a\u00f1os de ca\u00edda del nivel de la actividad y p\u00e9rdida del poder adquisitivo de los salarios, el Gobierno adopta diversas medidas para que los trabajadores [&hellip;]<\/p>\n","protected":false},"author":4,"featured_media":87244,"comment_status":"open","ping_status":"closed","sticky":false,"template":"","format":"standard","meta":{"om_disable_all_campaigns":false,"_jetpack_memberships_contains_paid_content":false,"footnotes":""},"categories":[621],"tags":[],"class_list":["post-87243","post","type-post","status-publish","format-standard","has-post-thumbnail","hentry","category-regionales"],"aioseo_notices":[],"gutentor_comment":0,"jetpack_featured_media_url":"https:\/\/eldiariodesanpedro.com.ar\/sitio\/wp-content\/uploads\/2021\/02\/presentaron-la-canasta-escolar-precios-cuidados.jpg","jetpack_shortlink":"https:\/\/wp.me\/p6RhLt-mH9","jetpack_sharing_enabled":true,"_links":{"self":[{"href":"https:\/\/eldiariodesanpedro.com.ar\/sitio\/wp-json\/wp\/v2\/posts\/87243","targetHints":{"allow":["GET"]}}],"collection":[{"href":"https:\/\/eldiariodesanpedro.com.ar\/sitio\/wp-json\/wp\/v2\/posts"}],"about":[{"href":"https:\/\/eldiariodesanpedro.com.ar\/sitio\/wp-json\/wp\/v2\/types\/post"}],"author":[{"embeddable":true,"href":"https:\/\/eldiariodesanpedro.com.ar\/sitio\/wp-json\/wp\/v2\/users\/4"}],"replies":[{"embeddable":true,"href":"https:\/\/eldiariodesanpedro.com.ar\/sitio\/wp-json\/wp\/v2\/comments?post=87243"}],"version-history":[{"count":1,"href":"https:\/\/eldiariodesanpedro.com.ar\/sitio\/wp-json\/wp\/v2\/posts\/87243\/revisions"}],"predecessor-version":[{"id":87245,"href":"https:\/\/eldiariodesanpedro.com.ar\/sitio\/wp-json\/wp\/v2\/posts\/87243\/revisions\/87245"}],"wp:featuredmedia":[{"embeddable":true,"href":"https:\/\/eldiariodesanpedro.com.ar\/sitio\/wp-json\/wp\/v2\/media\/87244"}],"wp:attachment":[{"href":"https:\/\/eldiariodesanpedro.com.ar\/sitio\/wp-json\/wp\/v2\/media?parent=87243"}],"wp:term":[{"taxonomy":"category","embeddable":true,"href":"https:\/\/eldiariodesanpedro.com.ar\/sitio\/wp-json\/wp\/v2\/categories?post=87243"},{"taxonomy":"post_tag","embeddable":true,"href":"https:\/\/eldiariodesanpedro.com.ar\/sitio\/wp-json\/wp\/v2\/tags?post=87243"}],"curies":[{"name":"wp","href":"https:\/\/api.w.org\/{rel}","templated":true}]}}