{"id":87240,"date":"2021-02-06T12:39:00","date_gmt":"2021-02-06T15:39:00","guid":{"rendered":"https:\/\/eldiariodesanpedro.com.ar\/sitio\/?p=87240"},"modified":"2021-02-06T12:39:04","modified_gmt":"2021-02-06T15:39:04","slug":"aporte-solidario-hasta-el-30-de-marzo-hay-tiempo-para-pagarlo","status":"publish","type":"post","link":"https:\/\/eldiariodesanpedro.com.ar\/sitio\/aporte-solidario-hasta-el-30-de-marzo-hay-tiempo-para-pagarlo\/","title":{"rendered":"Aporte solidario: Hasta el 30 de marzo hay tiempo para pagarlo"},"content":{"rendered":"<!-- VideographyWP Plugin Message: Automatic video embedding prevented by plugin options. -->\n\n<p>La AFIP reglament\u00f3 la Ley de Aporte Solidario y fij\u00f3 la fecha en la que los sujetos alcanzados deber\u00e1n presentar la declaraci\u00f3n jurada<\/p>\n\n\n\n<p><strong>La titular de la AFIP, Mercedes Marc\u00f3 del Pont,<\/strong>&nbsp;firm\u00f3 este viernes la<strong>&nbsp;reglamentaci\u00f3n del&nbsp;Aporte Solidario<\/strong><strong>&nbsp;<\/strong>y Extraordinario y estableci\u00f3 que los sujetos alcanzados deber\u00e1n realizar la&nbsp;<strong>presentaci\u00f3n de la declaraci\u00f3n jurada y el ingreso del saldo resultante hasta el 30 de marzo de 2021.<\/strong><\/p>\n\n\n\n<p>Asimismo, se inform\u00f3 oficialmente que la fecha a considerar para la valuaci\u00f3n de los bienes es la de entrada en vigencia de la Ley, es decir el 18 de diciembre de 2020. AFIP estableci\u00f3 la normativa relativa a la presentaci\u00f3n de la declaraci\u00f3n jurada, ingreso del aporte y otros aspectos establecidos en la\u00a0<a href=\"https:\/\/www.boletinoficial.gob.ar\/detalleAviso\/primera\/238732\/20201218\">Ley 27.605<\/a><strong>\u00a0y su Decreto Reglamentario N\u00b0 42\/2021<\/strong>, con lo que se completa el proceso iniciado en noviembre con el an\u00e1lisis del proyecto en el Congreso, y que se convirti\u00f3 en ley el 4 de diciembre, con la idea de morigerar los efectos de la pandemia de coronavirus mediante un aporte de los patrimonios superiores a los 200 millones de pesos.<\/p>\n\n\n\n<p>La normativa de la AFIP establece que los sujetos alcanzados por el aporte deber\u00e1n realizar la presentaci\u00f3n de la declaraci\u00f3n jurada y el ingreso del saldo resultante hasta el d\u00eda 30 de marzo de 2021, inclusive.<\/p>\n\n\n\n<p>Cabe destacar que el aporte solidario alcanza a personas humanas y sucesiones indivisas residentes en el pa\u00eds por la totalidad de sus bienes en el pa\u00eds y en el exterior y a las personas humanas y sucesiones indivisas no residentes, por la totalidad de sus bienes en el pa\u00eds, siempre que los mismos superen la suma de 200 millones de pesos.<\/p>\n\n\n\n<p>Adem\u00e1s, AFIP incorpora un R\u00e9gimen Informativo a fin de detectar supuestos de variaciones patrimoniales ocurridos durante los 180 d\u00edas inmediatos anteriores a la entrada en vigencia de la Ley, que hicieran presumir operaciones que configuren un ardid evasivo o destinado a eludir el pago del aporte.<\/p>\n\n\n\n<p>La Resoluci\u00f3n General dispone que el r\u00e9gimen de informaci\u00f3n tambi\u00e9n deber\u00e1 ser cumplido por sujetos no alcanzados por el aporte cuyos bienes, valuados al 31 de diciembre de 2019, alcanzaban una suma igual o superior a $130 millones, y por aquellos cuyos bienes valuados al 31 de diciembre de 2018 alcanzaban una suma igual o superior a 80 millones de pesos.<\/p>\n\n\n\n<p>Fuente: <a href=\"https:\/\/infocielo.com\/aporte\/solidario-el-30-marzo-hay-tiempo-pagarlo-n704011\">Infocielo<\/a><\/p>\n\n\n\n<p><a href=\"https:\/\/media.infocielo.com\/p\/177a68c58a4ca23507da63dd55969ee0\/adjuntos\/299\/imagenes\/001\/034\/0001034127\/la-afip-reglamento-la-ley-aporte-solidario-y-dio-un-plazo-el-30-marzo-las-presentaciones.jpg\"><\/a><\/p>\n","protected":false},"excerpt":{"rendered":"<p>La AFIP reglament\u00f3 la Ley de Aporte Solidario y fij\u00f3 la fecha en la que los sujetos alcanzados deber\u00e1n presentar la declaraci\u00f3n jurada La titular de la AFIP, Mercedes Marc\u00f3 del Pont,&nbsp;firm\u00f3 este viernes la&nbsp;reglamentaci\u00f3n del&nbsp;Aporte Solidario&nbsp;y Extraordinario y estableci\u00f3 que los sujetos alcanzados deber\u00e1n realizar la&nbsp;presentaci\u00f3n de la declaraci\u00f3n jurada y el ingreso del [&hellip;]<\/p>\n","protected":false},"author":4,"featured_media":87241,"comment_status":"open","ping_status":"closed","sticky":false,"template":"","format":"standard","meta":{"om_disable_all_campaigns":false,"_jetpack_memberships_contains_paid_content":false,"footnotes":""},"categories":[2],"tags":[],"class_list":["post-87240","post","type-post","status-publish","format-standard","has-post-thumbnail","hentry","category-locales"],"aioseo_notices":[],"gutentor_comment":0,"jetpack_featured_media_url":"https:\/\/eldiariodesanpedro.com.ar\/sitio\/wp-content\/uploads\/2021\/02\/la-afip-reglamento-la-ley-aporte-solidario-y-dio-un-plazo-el-30-marzo-las-presentaciones.jpg","jetpack_shortlink":"https:\/\/wp.me\/p6RhLt-mH6","jetpack_sharing_enabled":true,"_links":{"self":[{"href":"https:\/\/eldiariodesanpedro.com.ar\/sitio\/wp-json\/wp\/v2\/posts\/87240","targetHints":{"allow":["GET"]}}],"collection":[{"href":"https:\/\/eldiariodesanpedro.com.ar\/sitio\/wp-json\/wp\/v2\/posts"}],"about":[{"href":"https:\/\/eldiariodesanpedro.com.ar\/sitio\/wp-json\/wp\/v2\/types\/post"}],"author":[{"embeddable":true,"href":"https:\/\/eldiariodesanpedro.com.ar\/sitio\/wp-json\/wp\/v2\/users\/4"}],"replies":[{"embeddable":true,"href":"https:\/\/eldiariodesanpedro.com.ar\/sitio\/wp-json\/wp\/v2\/comments?post=87240"}],"version-history":[{"count":1,"href":"https:\/\/eldiariodesanpedro.com.ar\/sitio\/wp-json\/wp\/v2\/posts\/87240\/revisions"}],"predecessor-version":[{"id":87242,"href":"https:\/\/eldiariodesanpedro.com.ar\/sitio\/wp-json\/wp\/v2\/posts\/87240\/revisions\/87242"}],"wp:featuredmedia":[{"embeddable":true,"href":"https:\/\/eldiariodesanpedro.com.ar\/sitio\/wp-json\/wp\/v2\/media\/87241"}],"wp:attachment":[{"href":"https:\/\/eldiariodesanpedro.com.ar\/sitio\/wp-json\/wp\/v2\/media?parent=87240"}],"wp:term":[{"taxonomy":"category","embeddable":true,"href":"https:\/\/eldiariodesanpedro.com.ar\/sitio\/wp-json\/wp\/v2\/categories?post=87240"},{"taxonomy":"post_tag","embeddable":true,"href":"https:\/\/eldiariodesanpedro.com.ar\/sitio\/wp-json\/wp\/v2\/tags?post=87240"}],"curies":[{"name":"wp","href":"https:\/\/api.w.org\/{rel}","templated":true}]}}