{"id":8724,"date":"2016-10-11T19:58:00","date_gmt":"2016-10-11T22:58:00","guid":{"rendered":"https:\/\/eldiariodesanpedro.com.ar\/sitio\/?p=8724"},"modified":"2016-10-11T19:58:00","modified_gmt":"2016-10-11T22:58:00","slug":"secuestran-un-revolver-calibre-22-y-municiones-en-un-allanamiento","status":"publish","type":"post","link":"https:\/\/eldiariodesanpedro.com.ar\/sitio\/secuestran-un-revolver-calibre-22-y-municiones-en-un-allanamiento\/","title":{"rendered":"Secuestran un revolver calibre 22 y municiones en un allanamiento"},"content":{"rendered":"<p><!-- VideographyWP Plugin Message: Automatic video embedding prevented by plugin options. --><br \/>\nEl procedimiento fue realizado por personal policial, el lunes por la tarde, en Noseda y Libertad, con resultado positivo. En el allanamiento se secuestr\u00f3 una pistola calibre 22 y seis municiones del mismo calibre colocadas en el cargador, en tanto que se traslad\u00f3 al due\u00f1o de la vivienda a la seccional policial, donde tras cumplimentarse las medidas judiciales de rigor pudo retirarse.<br \/>\nLa UFI N\u00ba5 caratul\u00f3 el hecho como \u201cTenencia Ilegal de Arma de Fuego de Uso Civil\u201d.<br \/>\nCabe destacar que la diligencia se concret\u00f3 en el marco de un hecho por abuso de armas ocurrido el fin de semana.<\/p>\n","protected":false},"excerpt":{"rendered":"<p>El procedimiento fue realizado por personal policial, el lunes por la tarde, en Noseda y Libertad, con resultado positivo. En el allanamiento se secuestr\u00f3 una pistola calibre 22 y seis municiones del mismo calibre colocadas en el cargador, en tanto que se traslad\u00f3 al due\u00f1o de la vivienda a la seccional policial, donde tras cumplimentarse [&hellip;]<\/p>\n","protected":false},"author":4,"featured_media":2693,"comment_status":"open","ping_status":"closed","sticky":false,"template":"","format":"standard","meta":{"om_disable_all_campaigns":false,"_jetpack_memberships_contains_paid_content":false,"footnotes":""},"categories":[2,103],"tags":[],"class_list":["post-8724","post","type-post","status-publish","format-standard","has-post-thumbnail","hentry","category-locales","category-policiales-locales"],"aioseo_notices":[],"gutentor_comment":0,"jetpack_featured_media_url":"https:\/\/eldiariodesanpedro.com.ar\/sitio\/wp-content\/uploads\/2016\/04\/Policia-Bonaerense.jpg","jetpack_shortlink":"https:\/\/wp.me\/p6RhLt-2gI","jetpack_sharing_enabled":true,"_links":{"self":[{"href":"https:\/\/eldiariodesanpedro.com.ar\/sitio\/wp-json\/wp\/v2\/posts\/8724","targetHints":{"allow":["GET"]}}],"collection":[{"href":"https:\/\/eldiariodesanpedro.com.ar\/sitio\/wp-json\/wp\/v2\/posts"}],"about":[{"href":"https:\/\/eldiariodesanpedro.com.ar\/sitio\/wp-json\/wp\/v2\/types\/post"}],"author":[{"embeddable":true,"href":"https:\/\/eldiariodesanpedro.com.ar\/sitio\/wp-json\/wp\/v2\/users\/4"}],"replies":[{"embeddable":true,"href":"https:\/\/eldiariodesanpedro.com.ar\/sitio\/wp-json\/wp\/v2\/comments?post=8724"}],"version-history":[{"count":1,"href":"https:\/\/eldiariodesanpedro.com.ar\/sitio\/wp-json\/wp\/v2\/posts\/8724\/revisions"}],"predecessor-version":[{"id":8725,"href":"https:\/\/eldiariodesanpedro.com.ar\/sitio\/wp-json\/wp\/v2\/posts\/8724\/revisions\/8725"}],"wp:featuredmedia":[{"embeddable":true,"href":"https:\/\/eldiariodesanpedro.com.ar\/sitio\/wp-json\/wp\/v2\/media\/2693"}],"wp:attachment":[{"href":"https:\/\/eldiariodesanpedro.com.ar\/sitio\/wp-json\/wp\/v2\/media?parent=8724"}],"wp:term":[{"taxonomy":"category","embeddable":true,"href":"https:\/\/eldiariodesanpedro.com.ar\/sitio\/wp-json\/wp\/v2\/categories?post=8724"},{"taxonomy":"post_tag","embeddable":true,"href":"https:\/\/eldiariodesanpedro.com.ar\/sitio\/wp-json\/wp\/v2\/tags?post=8724"}],"curies":[{"name":"wp","href":"https:\/\/api.w.org\/{rel}","templated":true}]}}