{"id":87237,"date":"2021-02-06T12:34:55","date_gmt":"2021-02-06T15:34:55","guid":{"rendered":"https:\/\/eldiariodesanpedro.com.ar\/sitio\/?p=87237"},"modified":"2021-02-06T12:34:58","modified_gmt":"2021-02-06T15:34:58","slug":"se-cumplen-cinco-anos-del-asesinato-de-ariel-gomila","status":"publish","type":"post","link":"https:\/\/eldiariodesanpedro.com.ar\/sitio\/se-cumplen-cinco-anos-del-asesinato-de-ariel-gomila\/","title":{"rendered":"Se cumplen Cinco a\u00f1os del asesinato de Ariel Gomila"},"content":{"rendered":"<!-- VideographyWP Plugin Message: Automatic video embedding prevented by plugin options. -->\n\n<p>Hoy hace 5 a\u00f1os que sucedi\u00f3 la tr\u00e1gica madrugada donde falleci\u00f3 el querid\u00edsimo vecino Ariel Gomila quien resulto asesinado en un robo en su domicilio en las afuera de la ciudad y su familia decidi\u00f3 publicar un homenaje, adem\u00e1s de seguir pidiendo justicia.<\/p>\n\n\n\n<p><em>Aquella madrugada del 6 de febrero todo cambi\u00f3 para nosotros, te perdimos en el silencio inmenso de una noche oscura y comenzamos a buscarte en un sendero de espinas. Tu voz nos guiaba.<br>Todos estos a\u00f1os seguimos marchando encendiendo en el medio de la noche una luz, testimonio de tu injusta ausencia, reflejo de nuestra herida abierta, incomodidad para una sociedad de ojos vendados.<br>A 5 a\u00f1os de tu partida al cielo, el dolor sigue tan vivo como antes y la inseguridad que te quit\u00f3 violentamente la vida contin\u00faa azotando con crueldad a los campos y sus gentes.<br>ARIEL LIDO GOMILA, descansa en la paz de los hombres de bien.<br>2016 &#8211; 6 de febrero \u2013 2021<\/em><\/p>\n\n\n\n<p><strong>Juan Manuel Gomila.-<\/strong><\/p>\n","protected":false},"excerpt":{"rendered":"<p>Hoy hace 5 a\u00f1os que sucedi\u00f3 la tr\u00e1gica madrugada donde falleci\u00f3 el querid\u00edsimo vecino Ariel Gomila quien resulto asesinado en un robo en su domicilio en las afuera de la ciudad y su familia decidi\u00f3 publicar un homenaje, adem\u00e1s de seguir pidiendo justicia. Aquella madrugada del 6 de febrero todo cambi\u00f3 para nosotros, te perdimos [&hellip;]<\/p>\n","protected":false},"author":4,"featured_media":87238,"comment_status":"open","ping_status":"closed","sticky":false,"template":"","format":"standard","meta":{"om_disable_all_campaigns":false,"_jetpack_memberships_contains_paid_content":false,"footnotes":""},"categories":[50,101,2],"tags":[],"class_list":["post-87237","post","type-post","status-publish","format-standard","has-post-thumbnail","hentry","category-destacadas","category-interes-general-locales","category-locales"],"aioseo_notices":[],"gutentor_comment":0,"jetpack_featured_media_url":"https:\/\/eldiariodesanpedro.com.ar\/sitio\/wp-content\/uploads\/2021\/02\/WhatsApp-Image-2021-02-06-at-12.25.27.jpeg","jetpack_shortlink":"https:\/\/wp.me\/p6RhLt-mH3","jetpack_sharing_enabled":true,"_links":{"self":[{"href":"https:\/\/eldiariodesanpedro.com.ar\/sitio\/wp-json\/wp\/v2\/posts\/87237","targetHints":{"allow":["GET"]}}],"collection":[{"href":"https:\/\/eldiariodesanpedro.com.ar\/sitio\/wp-json\/wp\/v2\/posts"}],"about":[{"href":"https:\/\/eldiariodesanpedro.com.ar\/sitio\/wp-json\/wp\/v2\/types\/post"}],"author":[{"embeddable":true,"href":"https:\/\/eldiariodesanpedro.com.ar\/sitio\/wp-json\/wp\/v2\/users\/4"}],"replies":[{"embeddable":true,"href":"https:\/\/eldiariodesanpedro.com.ar\/sitio\/wp-json\/wp\/v2\/comments?post=87237"}],"version-history":[{"count":1,"href":"https:\/\/eldiariodesanpedro.com.ar\/sitio\/wp-json\/wp\/v2\/posts\/87237\/revisions"}],"predecessor-version":[{"id":87239,"href":"https:\/\/eldiariodesanpedro.com.ar\/sitio\/wp-json\/wp\/v2\/posts\/87237\/revisions\/87239"}],"wp:featuredmedia":[{"embeddable":true,"href":"https:\/\/eldiariodesanpedro.com.ar\/sitio\/wp-json\/wp\/v2\/media\/87238"}],"wp:attachment":[{"href":"https:\/\/eldiariodesanpedro.com.ar\/sitio\/wp-json\/wp\/v2\/media?parent=87237"}],"wp:term":[{"taxonomy":"category","embeddable":true,"href":"https:\/\/eldiariodesanpedro.com.ar\/sitio\/wp-json\/wp\/v2\/categories?post=87237"},{"taxonomy":"post_tag","embeddable":true,"href":"https:\/\/eldiariodesanpedro.com.ar\/sitio\/wp-json\/wp\/v2\/tags?post=87237"}],"curies":[{"name":"wp","href":"https:\/\/api.w.org\/{rel}","templated":true}]}}