{"id":87231,"date":"2021-02-06T12:06:16","date_gmt":"2021-02-06T15:06:16","guid":{"rendered":"https:\/\/eldiariodesanpedro.com.ar\/sitio\/?p=87231"},"modified":"2021-02-06T12:06:20","modified_gmt":"2021-02-06T15:06:20","slug":"el-proximo-finde-se-estrena-la-obra-mentiras-inteligentes-con-arnaldo-andre-y-fede-bal","status":"publish","type":"post","link":"https:\/\/eldiariodesanpedro.com.ar\/sitio\/el-proximo-finde-se-estrena-la-obra-mentiras-inteligentes-con-arnaldo-andre-y-fede-bal\/","title":{"rendered":"El pr\u00f3ximo finde se estrena la obra Mentiras Inteligentes con Arnaldo Andre y Fede Bal"},"content":{"rendered":"<!-- VideographyWP Plugin Message: Automatic video embedding prevented by plugin options. -->\n\n<p>Este s\u00e1bado se realizo la conferencia de prensa en La Casona de turismo donde estuvieron presentes actores y productores de la obra Mentiras Inteligentes que se estrenara el pr\u00f3ximo fin de semana largo.<\/p>\n\n\n\n<p>En la ma\u00f1ana de este s\u00e1bado se realizo una conferencia de prensa con la presencia de los grandes actores Arnaldo Andre y  Marta Gonzalez quienes comentaron lo que se presentara el pr\u00f3ximo 15 de Febrero a las 21 hs en el Club Pescadores.<\/p>\n\n\n\n<p><iframe data-src=\"https:\/\/www.facebook.com\/plugins\/video.php?height=314&#038;href=https%3A%2F%2Fwww.facebook.com%2Feldiario.desanpedro%2Fvideos%2F715691399142382%2F&#038;show_text=false&#038;width=560\" width=\"560\" height=\"314\" style=\"border:none;overflow:hidden\" scrolling=\"no\" frameborder=\"0\" allowfullscreen=\"true\" allow=\"autoplay; clipboard-write; encrypted-media; picture-in-picture; web-share\" allowFullScreen=\"true\" src=\"data:image\/svg+xml;base64,PHN2ZyB3aWR0aD0iMSIgaGVpZ2h0PSIxIiB4bWxucz0iaHR0cDovL3d3dy53My5vcmcvMjAwMC9zdmciPjwvc3ZnPg==\" class=\"lazyload\" data-load-mode=\"1\"><\/iframe><\/p>\n\n\n\n<p><\/p>\n","protected":false},"excerpt":{"rendered":"<p>Este s\u00e1bado se realizo la conferencia de prensa en La Casona de turismo donde estuvieron presentes actores y productores de la obra Mentiras Inteligentes que se estrenara el pr\u00f3ximo fin de semana largo. En la ma\u00f1ana de este s\u00e1bado se realizo una conferencia de prensa con la presencia de los grandes actores Arnaldo Andre y [&hellip;]<\/p>\n","protected":false},"author":4,"featured_media":87232,"comment_status":"open","ping_status":"closed","sticky":false,"template":"","format":"standard","meta":{"om_disable_all_campaigns":false,"_jetpack_memberships_contains_paid_content":false,"footnotes":""},"categories":[2],"tags":[],"class_list":["post-87231","post","type-post","status-publish","format-standard","has-post-thumbnail","hentry","category-locales"],"aioseo_notices":[],"gutentor_comment":0,"jetpack_featured_media_url":"https:\/\/eldiariodesanpedro.com.ar\/sitio\/wp-content\/uploads\/2021\/02\/WhatsApp-Image-2021-02-06-at-11.52.58.jpeg","jetpack_shortlink":"https:\/\/wp.me\/p6RhLt-mGX","jetpack_sharing_enabled":true,"_links":{"self":[{"href":"https:\/\/eldiariodesanpedro.com.ar\/sitio\/wp-json\/wp\/v2\/posts\/87231","targetHints":{"allow":["GET"]}}],"collection":[{"href":"https:\/\/eldiariodesanpedro.com.ar\/sitio\/wp-json\/wp\/v2\/posts"}],"about":[{"href":"https:\/\/eldiariodesanpedro.com.ar\/sitio\/wp-json\/wp\/v2\/types\/post"}],"author":[{"embeddable":true,"href":"https:\/\/eldiariodesanpedro.com.ar\/sitio\/wp-json\/wp\/v2\/users\/4"}],"replies":[{"embeddable":true,"href":"https:\/\/eldiariodesanpedro.com.ar\/sitio\/wp-json\/wp\/v2\/comments?post=87231"}],"version-history":[{"count":1,"href":"https:\/\/eldiariodesanpedro.com.ar\/sitio\/wp-json\/wp\/v2\/posts\/87231\/revisions"}],"predecessor-version":[{"id":87233,"href":"https:\/\/eldiariodesanpedro.com.ar\/sitio\/wp-json\/wp\/v2\/posts\/87231\/revisions\/87233"}],"wp:featuredmedia":[{"embeddable":true,"href":"https:\/\/eldiariodesanpedro.com.ar\/sitio\/wp-json\/wp\/v2\/media\/87232"}],"wp:attachment":[{"href":"https:\/\/eldiariodesanpedro.com.ar\/sitio\/wp-json\/wp\/v2\/media?parent=87231"}],"wp:term":[{"taxonomy":"category","embeddable":true,"href":"https:\/\/eldiariodesanpedro.com.ar\/sitio\/wp-json\/wp\/v2\/categories?post=87231"},{"taxonomy":"post_tag","embeddable":true,"href":"https:\/\/eldiariodesanpedro.com.ar\/sitio\/wp-json\/wp\/v2\/tags?post=87231"}],"curies":[{"name":"wp","href":"https:\/\/api.w.org\/{rel}","templated":true}]}}