{"id":8720,"date":"2016-10-11T19:54:47","date_gmt":"2016-10-11T22:54:47","guid":{"rendered":"https:\/\/eldiariodesanpedro.com.ar\/sitio\/?p=8720"},"modified":"2016-10-11T19:54:47","modified_gmt":"2016-10-11T22:54:47","slug":"trasladaron-a-ramallo-a-la-mujer-responsable-del-incendio-de-m-sbert-y-bv-moreno","status":"publish","type":"post","link":"https:\/\/eldiariodesanpedro.com.ar\/sitio\/trasladaron-a-ramallo-a-la-mujer-responsable-del-incendio-de-m-sbert-y-bv-moreno\/","title":{"rendered":"Trasladaron a Ramallo a la mujer responsable del incendio de M. Sbert y Bv. Moreno"},"content":{"rendered":"<p><!-- VideographyWP Plugin Message: Automatic video embedding prevented by plugin options. --><br \/>\nSeg\u00fan se pudo establecer, a la llegada a la casa que se incendiaba, los due\u00f1os advirtieron que una joven mujer de 24 a\u00f1os se retiraba del lugar. De ese modo, pudieron establecer a la responsable de lo sucedido. Entre ambas partes habr\u00eda problemas de larga data.<br \/>\nLuego de los testimonios recogidos durante la jornada, la joven fue aprehendida y cerca de las 20.00 fue trasladada a la Comisar\u00eda de Ramallo.<br \/>\nCabe recordar que una dotaci\u00f3n del cuerpo de Bomberos Voluntarios, a cargo del suboficial ayudante mayor H\u00e9ctor Keudell, debi\u00f3 concurrir a extinguir el siniestro en la vivienda en inmediaciones de M. Sbert y Bv. Moreno.<br \/>\nEl siniestro se produjo en la ma\u00f1ana de este lunes, cerca de las 5.00. A la llegada de la dotaci\u00f3n, el incendio se desarrollaba en forma generalizada en una habitaci\u00f3n y se expand\u00eda por un pasillo hacia el ba\u00f1o. En primera instancia, se lo circunscribi\u00f3 para que no tomara otras dependencias y luego con una l\u00ednea de ataque las llamas fueron apagadas.<\/p>\n","protected":false},"excerpt":{"rendered":"<p>Seg\u00fan se pudo establecer, a la llegada a la casa que se incendiaba, los due\u00f1os advirtieron que una joven mujer de 24 a\u00f1os se retiraba del lugar. De ese modo, pudieron establecer a la responsable de lo sucedido. Entre ambas partes habr\u00eda problemas de larga data. Luego de los testimonios recogidos durante la jornada, la [&hellip;]<\/p>\n","protected":false},"author":4,"featured_media":8722,"comment_status":"open","ping_status":"closed","sticky":false,"template":"","format":"standard","meta":{"om_disable_all_campaigns":false,"_jetpack_memberships_contains_paid_content":false,"footnotes":""},"categories":[50,2,103],"tags":[],"class_list":["post-8720","post","type-post","status-publish","format-standard","has-post-thumbnail","hentry","category-destacadas","category-locales","category-policiales-locales"],"aioseo_notices":[],"gutentor_comment":0,"jetpack_featured_media_url":"https:\/\/eldiariodesanpedro.com.ar\/sitio\/wp-content\/uploads\/2016\/10\/detenida.jpg","jetpack_shortlink":"https:\/\/wp.me\/p6RhLt-2gE","jetpack_sharing_enabled":true,"_links":{"self":[{"href":"https:\/\/eldiariodesanpedro.com.ar\/sitio\/wp-json\/wp\/v2\/posts\/8720","targetHints":{"allow":["GET"]}}],"collection":[{"href":"https:\/\/eldiariodesanpedro.com.ar\/sitio\/wp-json\/wp\/v2\/posts"}],"about":[{"href":"https:\/\/eldiariodesanpedro.com.ar\/sitio\/wp-json\/wp\/v2\/types\/post"}],"author":[{"embeddable":true,"href":"https:\/\/eldiariodesanpedro.com.ar\/sitio\/wp-json\/wp\/v2\/users\/4"}],"replies":[{"embeddable":true,"href":"https:\/\/eldiariodesanpedro.com.ar\/sitio\/wp-json\/wp\/v2\/comments?post=8720"}],"version-history":[{"count":1,"href":"https:\/\/eldiariodesanpedro.com.ar\/sitio\/wp-json\/wp\/v2\/posts\/8720\/revisions"}],"predecessor-version":[{"id":8723,"href":"https:\/\/eldiariodesanpedro.com.ar\/sitio\/wp-json\/wp\/v2\/posts\/8720\/revisions\/8723"}],"wp:featuredmedia":[{"embeddable":true,"href":"https:\/\/eldiariodesanpedro.com.ar\/sitio\/wp-json\/wp\/v2\/media\/8722"}],"wp:attachment":[{"href":"https:\/\/eldiariodesanpedro.com.ar\/sitio\/wp-json\/wp\/v2\/media?parent=8720"}],"wp:term":[{"taxonomy":"category","embeddable":true,"href":"https:\/\/eldiariodesanpedro.com.ar\/sitio\/wp-json\/wp\/v2\/categories?post=8720"},{"taxonomy":"post_tag","embeddable":true,"href":"https:\/\/eldiariodesanpedro.com.ar\/sitio\/wp-json\/wp\/v2\/tags?post=8720"}],"curies":[{"name":"wp","href":"https:\/\/api.w.org\/{rel}","templated":true}]}}