{"id":8716,"date":"2016-10-11T19:36:58","date_gmt":"2016-10-11T22:36:58","guid":{"rendered":"https:\/\/eldiariodesanpedro.com.ar\/sitio\/?p=8716"},"modified":"2016-10-11T19:36:58","modified_gmt":"2016-10-11T22:36:58","slug":"coopser-realizara-un-corte-programado","status":"publish","type":"post","link":"https:\/\/eldiariodesanpedro.com.ar\/sitio\/coopser-realizara-un-corte-programado\/","title":{"rendered":"Coopser realizar\u00e1 un corte programado"},"content":{"rendered":"<p><!-- VideographyWP Plugin Message: Automatic video embedding prevented by plugin options. --><br \/>\nSe realizar\u00e1 hoy, en el horario de 8.00 a 10.00 de la ma\u00f1ana, un corte de energ\u00eda el\u00e9ctrica por tareas de reestructuraci\u00f3n y repotenciaci\u00f3n de una subestaci\u00f3n transformadora.<br \/>\nEl mismo comprender\u00e1: barrio Villa Igoillo, entre calle Bonorino\/Molina y calle Sgto. Cabral\/Zanuccoli. Loteo comprendido en la intersecci\u00f3n de Lucio Mansilla y callej\u00f3n Pascual.<br \/>\nEn caso de mal tiempo se suspender\u00e1 hasta nuevo aviso.<\/p>\n","protected":false},"excerpt":{"rendered":"<p>Se realizar\u00e1 hoy, en el horario de 8.00 a 10.00 de la ma\u00f1ana, un corte de energ\u00eda el\u00e9ctrica por tareas de reestructuraci\u00f3n y repotenciaci\u00f3n de una subestaci\u00f3n transformadora. El mismo comprender\u00e1: barrio Villa Igoillo, entre calle Bonorino\/Molina y calle Sgto. Cabral\/Zanuccoli. Loteo comprendido en la intersecci\u00f3n de Lucio Mansilla y callej\u00f3n Pascual. En caso de [&hellip;]<\/p>\n","protected":false},"author":4,"featured_media":2489,"comment_status":"open","ping_status":"closed","sticky":false,"template":"","format":"standard","meta":{"om_disable_all_campaigns":false,"_jetpack_memberships_contains_paid_content":false,"footnotes":""},"categories":[101,2],"tags":[],"class_list":["post-8716","post","type-post","status-publish","format-standard","has-post-thumbnail","hentry","category-interes-general-locales","category-locales"],"aioseo_notices":[],"gutentor_comment":0,"jetpack_featured_media_url":"https:\/\/eldiariodesanpedro.com.ar\/sitio\/wp-content\/uploads\/2016\/03\/COOPSER.jpg","jetpack_shortlink":"https:\/\/wp.me\/p6RhLt-2gA","jetpack_sharing_enabled":true,"_links":{"self":[{"href":"https:\/\/eldiariodesanpedro.com.ar\/sitio\/wp-json\/wp\/v2\/posts\/8716","targetHints":{"allow":["GET"]}}],"collection":[{"href":"https:\/\/eldiariodesanpedro.com.ar\/sitio\/wp-json\/wp\/v2\/posts"}],"about":[{"href":"https:\/\/eldiariodesanpedro.com.ar\/sitio\/wp-json\/wp\/v2\/types\/post"}],"author":[{"embeddable":true,"href":"https:\/\/eldiariodesanpedro.com.ar\/sitio\/wp-json\/wp\/v2\/users\/4"}],"replies":[{"embeddable":true,"href":"https:\/\/eldiariodesanpedro.com.ar\/sitio\/wp-json\/wp\/v2\/comments?post=8716"}],"version-history":[{"count":1,"href":"https:\/\/eldiariodesanpedro.com.ar\/sitio\/wp-json\/wp\/v2\/posts\/8716\/revisions"}],"predecessor-version":[{"id":8717,"href":"https:\/\/eldiariodesanpedro.com.ar\/sitio\/wp-json\/wp\/v2\/posts\/8716\/revisions\/8717"}],"wp:featuredmedia":[{"embeddable":true,"href":"https:\/\/eldiariodesanpedro.com.ar\/sitio\/wp-json\/wp\/v2\/media\/2489"}],"wp:attachment":[{"href":"https:\/\/eldiariodesanpedro.com.ar\/sitio\/wp-json\/wp\/v2\/media?parent=8716"}],"wp:term":[{"taxonomy":"category","embeddable":true,"href":"https:\/\/eldiariodesanpedro.com.ar\/sitio\/wp-json\/wp\/v2\/categories?post=8716"},{"taxonomy":"post_tag","embeddable":true,"href":"https:\/\/eldiariodesanpedro.com.ar\/sitio\/wp-json\/wp\/v2\/tags?post=8716"}],"curies":[{"name":"wp","href":"https:\/\/api.w.org\/{rel}","templated":true}]}}