{"id":8713,"date":"2016-10-11T19:35:54","date_gmt":"2016-10-11T22:35:54","guid":{"rendered":"https:\/\/eldiariodesanpedro.com.ar\/sitio\/?p=8713"},"modified":"2016-10-11T19:35:54","modified_gmt":"2016-10-11T22:35:54","slug":"los-campedrinos-presentaron-su-disco-ante-miles-de-personas","status":"publish","type":"post","link":"https:\/\/eldiariodesanpedro.com.ar\/sitio\/los-campedrinos-presentaron-su-disco-ante-miles-de-personas\/","title":{"rendered":"Los Campedrinos presentaron su disco ante miles de personas"},"content":{"rendered":"<p><!-- VideographyWP Plugin Message: Automatic video embedding prevented by plugin options. --><br \/>\nSergio y Agustin, de Campana y San Pedro, presentaron su disco #Adrenalina en la ciudad de Baradero en la Fiesta Provincial del Mate, convocando a miles de personas que los aplaudieron euf\u00f3ricos hasta la \u00faltima canci\u00f3n.<br \/>\nEl d\u00fao present\u00f3 a orillas del r\u00edo Paran\u00e1 las 13 canciones que componen su material, recorriendo zambas, chacareras, chamam\u00e9, vals y mucho m\u00e1s, ante todo un p\u00fablico que los esperaba ansioso, donde se bail\u00f3 y aplaudi\u00f3 cada tema.<br \/>\nComenzaron con \u00abAmor en Carnaval\u00bb, un huayno bien alegre y culminaron su show con toda la gente desbordada de alegr\u00eda con dos grandes y consagrados artistas como lo son Facundo Toro y Guillermo Novellis de La Mosca, que se sumaron y engalanaron la presentaci\u00f3n de Los Campedrinos. Como ya es de p\u00fablico conocimiento, ambos artistas participaron en el disco.<br \/>\nToda la zona norte de Buenos Aires fue a alentar a estos j\u00f3venes, que contin\u00faan super\u00e1ndose d\u00eda a d\u00eda, mostrando su gran convocatoria a trav\u00e9s de sus canciones. Hubo tambi\u00e9n gran repercusi\u00f3n en las redes sociales y la prensa.<br \/>\nLa gira #Adrenalina, seg\u00fan inform\u00f3 su productor Claudio Carena, continuar\u00e1 por la provincia de Santa Fe, La Pampa, C\u00f3rdoba y noroeste bonaerense.<\/p>\n","protected":false},"excerpt":{"rendered":"<p>Sergio y Agustin, de Campana y San Pedro, presentaron su disco #Adrenalina en la ciudad de Baradero en la Fiesta Provincial del Mate, convocando a miles de personas que los aplaudieron euf\u00f3ricos hasta la \u00faltima canci\u00f3n. El d\u00fao present\u00f3 a orillas del r\u00edo Paran\u00e1 las 13 canciones que componen su material, recorriendo zambas, chacareras, chamam\u00e9, [&hellip;]<\/p>\n","protected":false},"author":4,"featured_media":8714,"comment_status":"open","ping_status":"closed","sticky":false,"template":"","format":"standard","meta":{"om_disable_all_campaigns":false,"_jetpack_memberships_contains_paid_content":false,"footnotes":""},"categories":[101,2],"tags":[],"class_list":["post-8713","post","type-post","status-publish","format-standard","has-post-thumbnail","hentry","category-interes-general-locales","category-locales"],"aioseo_notices":[],"gutentor_comment":0,"jetpack_featured_media_url":"https:\/\/eldiariodesanpedro.com.ar\/sitio\/wp-content\/uploads\/2016\/10\/PAGINA-6-02-1.jpg","jetpack_shortlink":"https:\/\/wp.me\/p6RhLt-2gx","jetpack_sharing_enabled":true,"_links":{"self":[{"href":"https:\/\/eldiariodesanpedro.com.ar\/sitio\/wp-json\/wp\/v2\/posts\/8713","targetHints":{"allow":["GET"]}}],"collection":[{"href":"https:\/\/eldiariodesanpedro.com.ar\/sitio\/wp-json\/wp\/v2\/posts"}],"about":[{"href":"https:\/\/eldiariodesanpedro.com.ar\/sitio\/wp-json\/wp\/v2\/types\/post"}],"author":[{"embeddable":true,"href":"https:\/\/eldiariodesanpedro.com.ar\/sitio\/wp-json\/wp\/v2\/users\/4"}],"replies":[{"embeddable":true,"href":"https:\/\/eldiariodesanpedro.com.ar\/sitio\/wp-json\/wp\/v2\/comments?post=8713"}],"version-history":[{"count":1,"href":"https:\/\/eldiariodesanpedro.com.ar\/sitio\/wp-json\/wp\/v2\/posts\/8713\/revisions"}],"predecessor-version":[{"id":8715,"href":"https:\/\/eldiariodesanpedro.com.ar\/sitio\/wp-json\/wp\/v2\/posts\/8713\/revisions\/8715"}],"wp:featuredmedia":[{"embeddable":true,"href":"https:\/\/eldiariodesanpedro.com.ar\/sitio\/wp-json\/wp\/v2\/media\/8714"}],"wp:attachment":[{"href":"https:\/\/eldiariodesanpedro.com.ar\/sitio\/wp-json\/wp\/v2\/media?parent=8713"}],"wp:term":[{"taxonomy":"category","embeddable":true,"href":"https:\/\/eldiariodesanpedro.com.ar\/sitio\/wp-json\/wp\/v2\/categories?post=8713"},{"taxonomy":"post_tag","embeddable":true,"href":"https:\/\/eldiariodesanpedro.com.ar\/sitio\/wp-json\/wp\/v2\/tags?post=8713"}],"curies":[{"name":"wp","href":"https:\/\/api.w.org\/{rel}","templated":true}]}}