{"id":8710,"date":"2016-10-11T19:30:38","date_gmt":"2016-10-11T22:30:38","guid":{"rendered":"https:\/\/eldiariodesanpedro.com.ar\/sitio\/?p=8710"},"modified":"2016-10-11T19:30:38","modified_gmt":"2016-10-11T22:30:38","slug":"bennazar-participo-de-una-reunion-en-el-cmcp-de-san-isidro","status":"publish","type":"post","link":"https:\/\/eldiariodesanpedro.com.ar\/sitio\/bennazar-participo-de-una-reunion-en-el-cmcp-de-san-isidro\/","title":{"rendered":"Bennazar particip\u00f3 de una reuni\u00f3n en el CMCP de San Isidro"},"content":{"rendered":"<p><!-- VideographyWP Plugin Message: Automatic video embedding prevented by plugin options. --><br \/>\nEl jueves 7 de octubre, Alejandro Juan Bennazar, presidente de la CIA, particip\u00f3 exponiendo en un interesante encuentro en el Colegio de Martilleros P\u00fablicos y Corredores P\u00fablicos de San Isidro a los que se sumaron destacados representantes del sector como Carlos Hugo Esteban, presidente del Consejo Superior del Colegio de Martilleros y Corredores P\u00fablicos de la provincia de Buenos Aires.<br \/>\nEntre los temas tratados se destaca el trabajo en conjunto para promover la instrumentaci\u00f3n del Certificado Valuativo Inmobiliario con media sanci\u00f3n en la C\u00e1mara de Diputados de la Pcia. de Buenos Aires desde el 2012. Este modelo de \u201cc\u00e9dula\u201d es expedida por el profesional como documentaci\u00f3n escritural. Nuestra instituci\u00f3n impulsa que el certificado se reglamente y que replique en todo el pa\u00eds.<br \/>\nOtro de los temas tratados son la novedosa figura del Auxiliar Inmobiliario y la necesidad de una mayor profesionalizaci\u00f3n de la actividad hacia la obtenci\u00f3n del t\u00edtulo universitario.<br \/>\nLa C\u00e1mara Inmobiliaria Arg. a trav\u00e9s de su Instituto de Capacitaci\u00f3n Inmobiliaria dicta desde el a\u00f1o 2012: Licenciatura en Tasaci\u00f3n, Corredur\u00eda y Gesti\u00f3n de Bienes.<\/p>\n","protected":false},"excerpt":{"rendered":"<p>El jueves 7 de octubre, Alejandro Juan Bennazar, presidente de la CIA, particip\u00f3 exponiendo en un interesante encuentro en el Colegio de Martilleros P\u00fablicos y Corredores P\u00fablicos de San Isidro a los que se sumaron destacados representantes del sector como Carlos Hugo Esteban, presidente del Consejo Superior del Colegio de Martilleros y Corredores P\u00fablicos de [&hellip;]<\/p>\n","protected":false},"author":4,"featured_media":8711,"comment_status":"open","ping_status":"closed","sticky":false,"template":"","format":"standard","meta":{"om_disable_all_campaigns":false,"_jetpack_memberships_contains_paid_content":false,"footnotes":""},"categories":[101,2],"tags":[],"class_list":["post-8710","post","type-post","status-publish","format-standard","has-post-thumbnail","hentry","category-interes-general-locales","category-locales"],"aioseo_notices":[],"gutentor_comment":0,"jetpack_featured_media_url":"https:\/\/eldiariodesanpedro.com.ar\/sitio\/wp-content\/uploads\/2016\/10\/PAGINA-6-01-1.jpg","jetpack_shortlink":"https:\/\/wp.me\/p6RhLt-2gu","jetpack_sharing_enabled":true,"_links":{"self":[{"href":"https:\/\/eldiariodesanpedro.com.ar\/sitio\/wp-json\/wp\/v2\/posts\/8710","targetHints":{"allow":["GET"]}}],"collection":[{"href":"https:\/\/eldiariodesanpedro.com.ar\/sitio\/wp-json\/wp\/v2\/posts"}],"about":[{"href":"https:\/\/eldiariodesanpedro.com.ar\/sitio\/wp-json\/wp\/v2\/types\/post"}],"author":[{"embeddable":true,"href":"https:\/\/eldiariodesanpedro.com.ar\/sitio\/wp-json\/wp\/v2\/users\/4"}],"replies":[{"embeddable":true,"href":"https:\/\/eldiariodesanpedro.com.ar\/sitio\/wp-json\/wp\/v2\/comments?post=8710"}],"version-history":[{"count":1,"href":"https:\/\/eldiariodesanpedro.com.ar\/sitio\/wp-json\/wp\/v2\/posts\/8710\/revisions"}],"predecessor-version":[{"id":8712,"href":"https:\/\/eldiariodesanpedro.com.ar\/sitio\/wp-json\/wp\/v2\/posts\/8710\/revisions\/8712"}],"wp:featuredmedia":[{"embeddable":true,"href":"https:\/\/eldiariodesanpedro.com.ar\/sitio\/wp-json\/wp\/v2\/media\/8711"}],"wp:attachment":[{"href":"https:\/\/eldiariodesanpedro.com.ar\/sitio\/wp-json\/wp\/v2\/media?parent=8710"}],"wp:term":[{"taxonomy":"category","embeddable":true,"href":"https:\/\/eldiariodesanpedro.com.ar\/sitio\/wp-json\/wp\/v2\/categories?post=8710"},{"taxonomy":"post_tag","embeddable":true,"href":"https:\/\/eldiariodesanpedro.com.ar\/sitio\/wp-json\/wp\/v2\/tags?post=8710"}],"curies":[{"name":"wp","href":"https:\/\/api.w.org\/{rel}","templated":true}]}}