{"id":8707,"date":"2016-10-10T20:32:04","date_gmt":"2016-10-10T23:32:04","guid":{"rendered":"https:\/\/eldiariodesanpedro.com.ar\/sitio\/?p=8707"},"modified":"2016-10-10T20:32:04","modified_gmt":"2016-10-10T23:32:04","slug":"invitacion-a-la-marcha-para-que-no-te-pase-compartir","status":"publish","type":"post","link":"https:\/\/eldiariodesanpedro.com.ar\/sitio\/invitacion-a-la-marcha-para-que-no-te-pase-compartir\/","title":{"rendered":"Invitaci\u00f3n a la marcha \u00abpara que no te pase\u00bb (compartir)"},"content":{"rendered":"<p><!-- VideographyWP Plugin Message: Automatic video embedding prevented by plugin options. --><br \/>\nEl Centro de Comercio e Industria invita y adhiere a la convocatoria local para la Marcha \u00abPara que no te pase\u00bb que este martes coincidir\u00e1 en San Pedro y en diferentes puntos del pa\u00eds. A partir de situaciones particulares individuales diferentes, pero identificadas con el mismo padecer que hoy azota a todo el pa\u00eds, grupos de familiares de v\u00edctimas, vecinos, dirigentes e instituciones le dar\u00e1n forma a este reclamo contra la inseguridad, la injusticia y la impunidad.<br \/>\nEn San Pedro la concentraci\u00f3n ser\u00e1 a las 20 en Mitre y 3 de Febrero para marchar desde all\u00ed hasta el Palacio Municipal y el Concejo Deliberante. El \u00e9xito de este tipo de acciones apol\u00edticas y con consignas que reflejan el dolor y el temor ante la inseguridad, depende de la participaci\u00f3n popular, por eso, es muy importante sumarte, para que si ya tuviste una experiencia as\u00ed no haya sido en vano y si no, \u00abPara que no te pase\u00bb.<\/p>\n<p>10 de Octubre  de 2016 \/\/\/ Comisi\u00f3n Directiva &#8211; Centro de Comercio e Industria de San Pedro<\/p>\n","protected":false},"excerpt":{"rendered":"<p>El Centro de Comercio e Industria invita y adhiere a la convocatoria local para la Marcha \u00abPara que no te pase\u00bb que este martes coincidir\u00e1 en San Pedro y en diferentes puntos del pa\u00eds. A partir de situaciones particulares individuales diferentes, pero identificadas con el mismo padecer que hoy azota a todo el pa\u00eds, grupos [&hellip;]<\/p>\n","protected":false},"author":4,"featured_media":8708,"comment_status":"open","ping_status":"closed","sticky":false,"template":"","format":"standard","meta":{"om_disable_all_campaigns":false,"_jetpack_memberships_contains_paid_content":false,"footnotes":""},"categories":[50,101,2],"tags":[],"class_list":["post-8707","post","type-post","status-publish","format-standard","has-post-thumbnail","hentry","category-destacadas","category-interes-general-locales","category-locales"],"aioseo_notices":[],"gutentor_comment":0,"jetpack_featured_media_url":"https:\/\/eldiariodesanpedro.com.ar\/sitio\/wp-content\/uploads\/2016\/10\/unnamed.jpg","jetpack_shortlink":"https:\/\/wp.me\/p6RhLt-2gr","jetpack_sharing_enabled":true,"_links":{"self":[{"href":"https:\/\/eldiariodesanpedro.com.ar\/sitio\/wp-json\/wp\/v2\/posts\/8707","targetHints":{"allow":["GET"]}}],"collection":[{"href":"https:\/\/eldiariodesanpedro.com.ar\/sitio\/wp-json\/wp\/v2\/posts"}],"about":[{"href":"https:\/\/eldiariodesanpedro.com.ar\/sitio\/wp-json\/wp\/v2\/types\/post"}],"author":[{"embeddable":true,"href":"https:\/\/eldiariodesanpedro.com.ar\/sitio\/wp-json\/wp\/v2\/users\/4"}],"replies":[{"embeddable":true,"href":"https:\/\/eldiariodesanpedro.com.ar\/sitio\/wp-json\/wp\/v2\/comments?post=8707"}],"version-history":[{"count":1,"href":"https:\/\/eldiariodesanpedro.com.ar\/sitio\/wp-json\/wp\/v2\/posts\/8707\/revisions"}],"predecessor-version":[{"id":8709,"href":"https:\/\/eldiariodesanpedro.com.ar\/sitio\/wp-json\/wp\/v2\/posts\/8707\/revisions\/8709"}],"wp:featuredmedia":[{"embeddable":true,"href":"https:\/\/eldiariodesanpedro.com.ar\/sitio\/wp-json\/wp\/v2\/media\/8708"}],"wp:attachment":[{"href":"https:\/\/eldiariodesanpedro.com.ar\/sitio\/wp-json\/wp\/v2\/media?parent=8707"}],"wp:term":[{"taxonomy":"category","embeddable":true,"href":"https:\/\/eldiariodesanpedro.com.ar\/sitio\/wp-json\/wp\/v2\/categories?post=8707"},{"taxonomy":"post_tag","embeddable":true,"href":"https:\/\/eldiariodesanpedro.com.ar\/sitio\/wp-json\/wp\/v2\/tags?post=8707"}],"curies":[{"name":"wp","href":"https:\/\/api.w.org\/{rel}","templated":true}]}}