{"id":87040,"date":"2021-02-04T10:10:05","date_gmt":"2021-02-04T13:10:05","guid":{"rendered":"https:\/\/eldiariodesanpedro.com.ar\/sitio\/?p=87040"},"modified":"2021-02-04T12:25:18","modified_gmt":"2021-02-04T15:25:18","slug":"allanamiento-por-una-causa-de-abuso-de-armas-se-secuestro-una-planta-de-marihuana","status":"publish","type":"post","link":"https:\/\/eldiariodesanpedro.com.ar\/sitio\/allanamiento-por-una-causa-de-abuso-de-armas-se-secuestro-una-planta-de-marihuana\/","title":{"rendered":"Allanamiento por una causa de abuso de armas, se secuestro una planta de marihuana"},"content":{"rendered":"<!-- VideographyWP Plugin Message: Automatic video embedding prevented by plugin options. -->\n\n<p>Este lunes por la tarde se recibi\u00f3 una denuncia por parte de un ciudadano de 20 a\u00f1os en la localidad de R\u00edo Tala quien sufri\u00f3 un disparo en una de sus piernas, por este hecho se desprenden dos allanamientos en viviendas para dar con el paradero del arma de fuego utilizada.<\/p>\n\n\n\n<p>El Gabinete Criminol\u00f3gico de la comisar\u00eda de nuestra ciudad en conjunto con el destacamento de R\u00edo Tala llevaron a cabo dos allanamientos en viviendas ubicadas en la vecina localidad.<\/p>\n\n\n\n<p>En una primera ocasi\u00f3n se realiz\u00f3 la diligencia en calle Lavalle 250 donde dio negativo para armas de fuego pero en el lugar se secuestr\u00f3 una planta de marihuana de 1 metro de altura por lo que se aprehendi\u00f3 a su morador de 32 a\u00f1os.<\/p>\n\n\n\n<p>El segundo objetivo fue una vivienda ubicada en calle Combate el Tala de la misma localidad donde los resultados fueron negativos.<\/p>\n\n\n\n<figure class=\"wp-block-image size-large\"><img decoding=\"async\" width=\"498\" height=\"1024\" data-attachment-id=\"87042\" data-permalink=\"https:\/\/eldiariodesanpedro.com.ar\/sitio\/allanamiento-por-una-causa-de-abuso-de-armas-se-secuestro-una-planta-de-marihuana\/whatsapp-image-2021-02-04-at-09-43-21\/\" data-orig-file=\"https:\/\/eldiariodesanpedro.com.ar\/sitio\/wp-content\/uploads\/2021\/02\/WhatsApp-Image-2021-02-04-at-09.43.21.jpeg\" data-orig-size=\"622,1280\" data-comments-opened=\"1\" data-image-meta=\"{&quot;aperture&quot;:&quot;0&quot;,&quot;credit&quot;:&quot;&quot;,&quot;camera&quot;:&quot;&quot;,&quot;caption&quot;:&quot;&quot;,&quot;created_timestamp&quot;:&quot;0&quot;,&quot;copyright&quot;:&quot;&quot;,&quot;focal_length&quot;:&quot;0&quot;,&quot;iso&quot;:&quot;0&quot;,&quot;shutter_speed&quot;:&quot;0&quot;,&quot;title&quot;:&quot;&quot;,&quot;orientation&quot;:&quot;0&quot;}\" data-image-title=\"WhatsApp Image 2021-02-04 at 09.43.21\" data-image-description=\"\" data-image-caption=\"\" data-large-file=\"https:\/\/eldiariodesanpedro.com.ar\/sitio\/wp-content\/uploads\/2021\/02\/WhatsApp-Image-2021-02-04-at-09.43.21-498x1024.jpeg\" data-src=\"https:\/\/eldiariodesanpedro.com.ar\/sitio\/wp-content\/uploads\/2021\/02\/WhatsApp-Image-2021-02-04-at-09.43.21-498x1024.jpeg\" alt=\"\" class=\"wp-image-87042 lazyload\" data-srcset=\"https:\/\/eldiariodesanpedro.com.ar\/sitio\/wp-content\/uploads\/2021\/02\/WhatsApp-Image-2021-02-04-at-09.43.21-498x1024.jpeg 498w, https:\/\/eldiariodesanpedro.com.ar\/sitio\/wp-content\/uploads\/2021\/02\/WhatsApp-Image-2021-02-04-at-09.43.21-146x300.jpeg 146w, https:\/\/eldiariodesanpedro.com.ar\/sitio\/wp-content\/uploads\/2021\/02\/WhatsApp-Image-2021-02-04-at-09.43.21.jpeg 622w\" data-sizes=\"(max-width: 498px) 100vw, 498px\" src=\"data:image\/svg+xml;base64,PHN2ZyB3aWR0aD0iMSIgaGVpZ2h0PSIxIiB4bWxucz0iaHR0cDovL3d3dy53My5vcmcvMjAwMC9zdmciPjwvc3ZnPg==\" style=\"--smush-placeholder-width: 498px; --smush-placeholder-aspect-ratio: 498\/1024;\" \/><\/figure>\n","protected":false},"excerpt":{"rendered":"<p>Este lunes por la tarde se recibi\u00f3 una denuncia por parte de un ciudadano de 20 a\u00f1os en la localidad de R\u00edo Tala quien sufri\u00f3 un disparo en una de sus piernas, por este hecho se desprenden dos allanamientos en viviendas para dar con el paradero del arma de fuego utilizada. El Gabinete Criminol\u00f3gico de [&hellip;]<\/p>\n","protected":false},"author":4,"featured_media":87041,"comment_status":"open","ping_status":"closed","sticky":false,"template":"","format":"standard","meta":{"om_disable_all_campaigns":false,"_jetpack_memberships_contains_paid_content":false,"footnotes":""},"categories":[50,2,103],"tags":[122,33,95],"class_list":["post-87040","post","type-post","status-publish","format-standard","has-post-thumbnail","hentry","category-destacadas","category-locales","category-policiales-locales","tag-allanamiento","tag-locales","tag-policiales"],"aioseo_notices":[],"gutentor_comment":0,"jetpack_featured_media_url":"https:\/\/eldiariodesanpedro.com.ar\/sitio\/wp-content\/uploads\/2021\/02\/Sin-titulo-1-1.jpg","jetpack_shortlink":"https:\/\/wp.me\/p6RhLt-mDS","jetpack_sharing_enabled":true,"_links":{"self":[{"href":"https:\/\/eldiariodesanpedro.com.ar\/sitio\/wp-json\/wp\/v2\/posts\/87040","targetHints":{"allow":["GET"]}}],"collection":[{"href":"https:\/\/eldiariodesanpedro.com.ar\/sitio\/wp-json\/wp\/v2\/posts"}],"about":[{"href":"https:\/\/eldiariodesanpedro.com.ar\/sitio\/wp-json\/wp\/v2\/types\/post"}],"author":[{"embeddable":true,"href":"https:\/\/eldiariodesanpedro.com.ar\/sitio\/wp-json\/wp\/v2\/users\/4"}],"replies":[{"embeddable":true,"href":"https:\/\/eldiariodesanpedro.com.ar\/sitio\/wp-json\/wp\/v2\/comments?post=87040"}],"version-history":[{"count":1,"href":"https:\/\/eldiariodesanpedro.com.ar\/sitio\/wp-json\/wp\/v2\/posts\/87040\/revisions"}],"predecessor-version":[{"id":87043,"href":"https:\/\/eldiariodesanpedro.com.ar\/sitio\/wp-json\/wp\/v2\/posts\/87040\/revisions\/87043"}],"wp:featuredmedia":[{"embeddable":true,"href":"https:\/\/eldiariodesanpedro.com.ar\/sitio\/wp-json\/wp\/v2\/media\/87041"}],"wp:attachment":[{"href":"https:\/\/eldiariodesanpedro.com.ar\/sitio\/wp-json\/wp\/v2\/media?parent=87040"}],"wp:term":[{"taxonomy":"category","embeddable":true,"href":"https:\/\/eldiariodesanpedro.com.ar\/sitio\/wp-json\/wp\/v2\/categories?post=87040"},{"taxonomy":"post_tag","embeddable":true,"href":"https:\/\/eldiariodesanpedro.com.ar\/sitio\/wp-json\/wp\/v2\/tags?post=87040"}],"curies":[{"name":"wp","href":"https:\/\/api.w.org\/{rel}","templated":true}]}}