{"id":87037,"date":"2021-02-04T09:47:04","date_gmt":"2021-02-04T12:47:04","guid":{"rendered":"https:\/\/eldiariodesanpedro.com.ar\/sitio\/?p=87037"},"modified":"2021-02-04T09:47:08","modified_gmt":"2021-02-04T12:47:08","slug":"comienza-el-ciclo-cine-del-arte","status":"publish","type":"post","link":"https:\/\/eldiariodesanpedro.com.ar\/sitio\/comienza-el-ciclo-cine-del-arte\/","title":{"rendered":"Comienza el Ciclo Cine del Arte"},"content":{"rendered":"<!-- VideographyWP Plugin Message: Automatic video embedding prevented by plugin options. -->\n\n<p>Desde este viernes la Direcci\u00f3n de Cultura organiza un nuevo ciclo de cine con entrada libre y gratuita en la Plaza Belgrano. En la primera funci\u00f3n se proyectar\u00e1 \u00abLoving Vincent\u00bb.<\/p>\n\n\n\n<p>La selecci\u00f3n de t\u00edtulos se destaca por films relacionados con grandes figuras del arte. Luego de la proyecci\u00f3n de este viernes est\u00e1n programadas para el 12\/02 \u00abEl misterio de Picasso\u00bb, 19\/02 \u00abAll is True\u00bb (Shakespeare) y el 26\/02 \u00abBohemian Rhapsody\u00bb.<\/p>\n","protected":false},"excerpt":{"rendered":"<p>Desde este viernes la Direcci\u00f3n de Cultura organiza un nuevo ciclo de cine con entrada libre y gratuita en la Plaza Belgrano. En la primera funci\u00f3n se proyectar\u00e1 \u00abLoving Vincent\u00bb. La selecci\u00f3n de t\u00edtulos se destaca por films relacionados con grandes figuras del arte. Luego de la proyecci\u00f3n de este viernes est\u00e1n programadas para el [&hellip;]<\/p>\n","protected":false},"author":4,"featured_media":87038,"comment_status":"open","ping_status":"closed","sticky":false,"template":"","format":"standard","meta":{"om_disable_all_campaigns":false,"_jetpack_memberships_contains_paid_content":false,"footnotes":""},"categories":[101,2],"tags":[],"class_list":["post-87037","post","type-post","status-publish","format-standard","has-post-thumbnail","hentry","category-interes-general-locales","category-locales"],"aioseo_notices":[],"gutentor_comment":0,"jetpack_featured_media_url":"https:\/\/eldiariodesanpedro.com.ar\/sitio\/wp-content\/uploads\/2021\/02\/WhatsApp-Image-2021-02-04-at-08.42.02.jpeg","jetpack_shortlink":"https:\/\/wp.me\/p6RhLt-mDP","jetpack_sharing_enabled":true,"_links":{"self":[{"href":"https:\/\/eldiariodesanpedro.com.ar\/sitio\/wp-json\/wp\/v2\/posts\/87037","targetHints":{"allow":["GET"]}}],"collection":[{"href":"https:\/\/eldiariodesanpedro.com.ar\/sitio\/wp-json\/wp\/v2\/posts"}],"about":[{"href":"https:\/\/eldiariodesanpedro.com.ar\/sitio\/wp-json\/wp\/v2\/types\/post"}],"author":[{"embeddable":true,"href":"https:\/\/eldiariodesanpedro.com.ar\/sitio\/wp-json\/wp\/v2\/users\/4"}],"replies":[{"embeddable":true,"href":"https:\/\/eldiariodesanpedro.com.ar\/sitio\/wp-json\/wp\/v2\/comments?post=87037"}],"version-history":[{"count":1,"href":"https:\/\/eldiariodesanpedro.com.ar\/sitio\/wp-json\/wp\/v2\/posts\/87037\/revisions"}],"predecessor-version":[{"id":87039,"href":"https:\/\/eldiariodesanpedro.com.ar\/sitio\/wp-json\/wp\/v2\/posts\/87037\/revisions\/87039"}],"wp:featuredmedia":[{"embeddable":true,"href":"https:\/\/eldiariodesanpedro.com.ar\/sitio\/wp-json\/wp\/v2\/media\/87038"}],"wp:attachment":[{"href":"https:\/\/eldiariodesanpedro.com.ar\/sitio\/wp-json\/wp\/v2\/media?parent=87037"}],"wp:term":[{"taxonomy":"category","embeddable":true,"href":"https:\/\/eldiariodesanpedro.com.ar\/sitio\/wp-json\/wp\/v2\/categories?post=87037"},{"taxonomy":"post_tag","embeddable":true,"href":"https:\/\/eldiariodesanpedro.com.ar\/sitio\/wp-json\/wp\/v2\/tags?post=87037"}],"curies":[{"name":"wp","href":"https:\/\/api.w.org\/{rel}","templated":true}]}}