{"id":87032,"date":"2021-02-03T20:16:07","date_gmt":"2021-02-03T23:16:07","guid":{"rendered":"https:\/\/eldiariodesanpedro.com.ar\/sitio\/?p=87032"},"modified":"2021-02-03T20:44:35","modified_gmt":"2021-02-03T23:44:35","slug":"se-recibieron-61-resultados-de-los-que-son-8-positivos-y-53-negativos","status":"publish","type":"post","link":"https:\/\/eldiariodesanpedro.com.ar\/sitio\/se-recibieron-61-resultados-de-los-que-son-8-positivos-y-53-negativos\/","title":{"rendered":"Se recibieron 61 resultados de los que son 8 positivos y 53 negativos"},"content":{"rendered":"<!-- VideographyWP Plugin Message: Automatic video embedding prevented by plugin options. -->\n\n<p>La Secretar\u00eda de Salud de la Municipalidad de San Pedro brinda el informe oficial diario actualizado con datos recopilados hasta el momento con relaci\u00f3n al seguimiento a la Pandemia de Covid-19.<\/p>\n\n\n\n<p>INFORME DIARIO<br>Se recibieron 61 resultados de las muestras enviadas el d\u00eda 2 de febrero al Laboratorio Central Lab, que sumaron 53 negativos y 8 positivos que corresponden a mujeres de 21, 44, 52(2), 54 y 89 a\u00f1os; y hombres de 29 y 37 a\u00f1os.<br>Total de nuevos positivos: 8<br>Total de nuevos negativos: 53<\/p>\n\n\n\n<p>Resumen actualizado de informaci\u00f3n oficial<br>Positivos desde el inicio de la Pandemia: 2192<br>Activos: 124<br>Recuperados: 1994<br>Fallecidos: 74<br>\u00daltimo env\u00edo de muestras: 00<br>Muestras pendientes: 3<br>Negativos desde el inicio de la Pandemia: 3121<br>Los datos consignados en este informe corresponden a ex\u00e1menes realizados por PCR.<\/p>\n\n\n\n<p>&#x1f449; Usar tapabocas.<br>&#x1f449; Mantener la distancia m\u00ednima de 2 metros.<br>&#x1f449; Extremar la higiene de los espacios.<br>&#x1f449; Mantener las manos limpias.<\/p>\n\n\n\n<p>Se recuerda que, ante s\u00edntomas de tos seca, fiebre y dolor de garganta y la probabilidad de haber estado en contacto con enfermos o viajeros llegados desde las zonas transmisi\u00f3n local o comunitaria se puede llamar al 148 o 107.<\/p>\n","protected":false},"excerpt":{"rendered":"<p>La Secretar\u00eda de Salud de la Municipalidad de San Pedro brinda el informe oficial diario actualizado con datos recopilados hasta el momento con relaci\u00f3n al seguimiento a la Pandemia de Covid-19. INFORME DIARIOSe recibieron 61 resultados de las muestras enviadas el d\u00eda 2 de febrero al Laboratorio Central Lab, que sumaron 53 negativos y 8 [&hellip;]<\/p>\n","protected":false},"author":4,"featured_media":77072,"comment_status":"open","ping_status":"closed","sticky":false,"template":"","format":"standard","meta":{"om_disable_all_campaigns":false,"_jetpack_memberships_contains_paid_content":false,"footnotes":""},"categories":[50,101,2],"tags":[],"class_list":["post-87032","post","type-post","status-publish","format-standard","has-post-thumbnail","hentry","category-destacadas","category-interes-general-locales","category-locales"],"aioseo_notices":[],"gutentor_comment":0,"jetpack_featured_media_url":"https:\/\/eldiariodesanpedro.com.ar\/sitio\/wp-content\/uploads\/2020\/07\/test-de-covid-19_1.jpg","jetpack_shortlink":"https:\/\/wp.me\/p6RhLt-mDK","jetpack_sharing_enabled":true,"_links":{"self":[{"href":"https:\/\/eldiariodesanpedro.com.ar\/sitio\/wp-json\/wp\/v2\/posts\/87032","targetHints":{"allow":["GET"]}}],"collection":[{"href":"https:\/\/eldiariodesanpedro.com.ar\/sitio\/wp-json\/wp\/v2\/posts"}],"about":[{"href":"https:\/\/eldiariodesanpedro.com.ar\/sitio\/wp-json\/wp\/v2\/types\/post"}],"author":[{"embeddable":true,"href":"https:\/\/eldiariodesanpedro.com.ar\/sitio\/wp-json\/wp\/v2\/users\/4"}],"replies":[{"embeddable":true,"href":"https:\/\/eldiariodesanpedro.com.ar\/sitio\/wp-json\/wp\/v2\/comments?post=87032"}],"version-history":[{"count":2,"href":"https:\/\/eldiariodesanpedro.com.ar\/sitio\/wp-json\/wp\/v2\/posts\/87032\/revisions"}],"predecessor-version":[{"id":87034,"href":"https:\/\/eldiariodesanpedro.com.ar\/sitio\/wp-json\/wp\/v2\/posts\/87032\/revisions\/87034"}],"wp:featuredmedia":[{"embeddable":true,"href":"https:\/\/eldiariodesanpedro.com.ar\/sitio\/wp-json\/wp\/v2\/media\/77072"}],"wp:attachment":[{"href":"https:\/\/eldiariodesanpedro.com.ar\/sitio\/wp-json\/wp\/v2\/media?parent=87032"}],"wp:term":[{"taxonomy":"category","embeddable":true,"href":"https:\/\/eldiariodesanpedro.com.ar\/sitio\/wp-json\/wp\/v2\/categories?post=87032"},{"taxonomy":"post_tag","embeddable":true,"href":"https:\/\/eldiariodesanpedro.com.ar\/sitio\/wp-json\/wp\/v2\/tags?post=87032"}],"curies":[{"name":"wp","href":"https:\/\/api.w.org\/{rel}","templated":true}]}}