{"id":87028,"date":"2021-02-03T19:43:06","date_gmt":"2021-02-03T22:43:06","guid":{"rendered":"https:\/\/eldiariodesanpedro.com.ar\/sitio\/?p=87028"},"modified":"2021-02-03T19:43:10","modified_gmt":"2021-02-03T22:43:10","slug":"salazar-recibio-al-intendente-de-costa-sacate-cordoba","status":"publish","type":"post","link":"https:\/\/eldiariodesanpedro.com.ar\/sitio\/salazar-recibio-al-intendente-de-costa-sacate-cordoba\/","title":{"rendered":"Salazar recibi\u00f3 al Intendente de Costa Sacate, C\u00f3rdoba"},"content":{"rendered":"<!-- VideographyWP Plugin Message: Automatic video embedding prevented by plugin options. -->\n\n<p>Visit\u00f3 hoy San Pedro el Intendente de la localidad cordobesa de Costa Sacate, Maciel Balduzzi y fue recibido por el Intendente Cecilio Salazar.<\/p>\n\n\n\n<p>Balduzzi es representante del movimiento vecinal en esa provincia y el v\u00ednculo entre ambos funcionarios comenz\u00f3 a forjarse a partir de algunas reuniones mantenidas entre ambos junto a otros intendentes que vienen estrechando lazos para conformar un espacio com\u00fan.<\/p>\n\n\n\n<p>La de hoy fue la segunda visita de Balduzzi quien hab\u00eda estado en San Pedro junto a otros intendentes y funcionarios de esa provincia, en ocasi\u00f3n del acto por el aniversario de la Batalla de Obligado y la visita del Presidente Alberto Fern\u00e1ndez.<\/p>\n\n\n\n<p>Costa Sacate pertenece al departamento R\u00edo Segundo y est\u00e1 localizada en el centro de la provincia, a 50 kil\u00f3metros de la ciudad capital.<\/p>\n\n\n\n<p>En la charla con el Intendente de San Pedro, presidente del Partido Fe de la Provincia de Buenos Aires quedaron planteadas acciones para poder sumar al espacio vecinal que representa Balduzzi a la misma fuerza pol\u00edtica con la que Salazar est\u00e1 impulsando esta etapa de la gesti\u00f3n.<\/p>\n\n\n\n<p>En este sentido habr\u00e1 nuevas reuniones incluyendo al Diputado Provincial por C\u00f3rdoba y presidente del Partido de F\u00e9 en esa provincia, Juan Carlos Castro.<\/p>\n\n\n\n<figure class=\"wp-block-image size-large\"><img decoding=\"async\" width=\"1024\" height=\"794\" data-attachment-id=\"87030\" data-permalink=\"https:\/\/eldiariodesanpedro.com.ar\/sitio\/salazar-recibio-al-intendente-de-costa-sacate-cordoba\/whatsapp-image-2021-02-03-at-19-22-39\/\" data-orig-file=\"https:\/\/eldiariodesanpedro.com.ar\/sitio\/wp-content\/uploads\/2021\/02\/WhatsApp-Image-2021-02-03-at-19.22.39.jpeg\" data-orig-size=\"1280,992\" data-comments-opened=\"1\" data-image-meta=\"{&quot;aperture&quot;:&quot;0&quot;,&quot;credit&quot;:&quot;&quot;,&quot;camera&quot;:&quot;&quot;,&quot;caption&quot;:&quot;&quot;,&quot;created_timestamp&quot;:&quot;0&quot;,&quot;copyright&quot;:&quot;&quot;,&quot;focal_length&quot;:&quot;0&quot;,&quot;iso&quot;:&quot;0&quot;,&quot;shutter_speed&quot;:&quot;0&quot;,&quot;title&quot;:&quot;&quot;,&quot;orientation&quot;:&quot;0&quot;}\" data-image-title=\"WhatsApp Image 2021-02-03 at 19.22.39\" data-image-description=\"\" data-image-caption=\"\" data-large-file=\"https:\/\/eldiariodesanpedro.com.ar\/sitio\/wp-content\/uploads\/2021\/02\/WhatsApp-Image-2021-02-03-at-19.22.39-1024x794.jpeg\" data-src=\"https:\/\/eldiariodesanpedro.com.ar\/sitio\/wp-content\/uploads\/2021\/02\/WhatsApp-Image-2021-02-03-at-19.22.39-1024x794.jpeg\" alt=\"\" class=\"wp-image-87030 lazyload\" data-srcset=\"https:\/\/eldiariodesanpedro.com.ar\/sitio\/wp-content\/uploads\/2021\/02\/WhatsApp-Image-2021-02-03-at-19.22.39-1024x794.jpeg 1024w, https:\/\/eldiariodesanpedro.com.ar\/sitio\/wp-content\/uploads\/2021\/02\/WhatsApp-Image-2021-02-03-at-19.22.39-300x233.jpeg 300w, https:\/\/eldiariodesanpedro.com.ar\/sitio\/wp-content\/uploads\/2021\/02\/WhatsApp-Image-2021-02-03-at-19.22.39-768x595.jpeg 768w, https:\/\/eldiariodesanpedro.com.ar\/sitio\/wp-content\/uploads\/2021\/02\/WhatsApp-Image-2021-02-03-at-19.22.39.jpeg 1280w\" data-sizes=\"(max-width: 1024px) 100vw, 1024px\" src=\"data:image\/svg+xml;base64,PHN2ZyB3aWR0aD0iMSIgaGVpZ2h0PSIxIiB4bWxucz0iaHR0cDovL3d3dy53My5vcmcvMjAwMC9zdmciPjwvc3ZnPg==\" style=\"--smush-placeholder-width: 1024px; --smush-placeholder-aspect-ratio: 1024\/794;\" \/><\/figure>\n","protected":false},"excerpt":{"rendered":"<p>Visit\u00f3 hoy San Pedro el Intendente de la localidad cordobesa de Costa Sacate, Maciel Balduzzi y fue recibido por el Intendente Cecilio Salazar. Balduzzi es representante del movimiento vecinal en esa provincia y el v\u00ednculo entre ambos funcionarios comenz\u00f3 a forjarse a partir de algunas reuniones mantenidas entre ambos junto a otros intendentes que vienen [&hellip;]<\/p>\n","protected":false},"author":4,"featured_media":87029,"comment_status":"open","ping_status":"closed","sticky":false,"template":"","format":"standard","meta":{"om_disable_all_campaigns":false,"_jetpack_memberships_contains_paid_content":false,"footnotes":""},"categories":[50,101,2],"tags":[],"class_list":["post-87028","post","type-post","status-publish","format-standard","has-post-thumbnail","hentry","category-destacadas","category-interes-general-locales","category-locales"],"aioseo_notices":[],"gutentor_comment":0,"jetpack_featured_media_url":"https:\/\/eldiariodesanpedro.com.ar\/sitio\/wp-content\/uploads\/2021\/02\/WhatsApp-Image-2021-02-03-at-19.22.38.jpeg","jetpack_shortlink":"https:\/\/wp.me\/p6RhLt-mDG","jetpack_sharing_enabled":true,"_links":{"self":[{"href":"https:\/\/eldiariodesanpedro.com.ar\/sitio\/wp-json\/wp\/v2\/posts\/87028","targetHints":{"allow":["GET"]}}],"collection":[{"href":"https:\/\/eldiariodesanpedro.com.ar\/sitio\/wp-json\/wp\/v2\/posts"}],"about":[{"href":"https:\/\/eldiariodesanpedro.com.ar\/sitio\/wp-json\/wp\/v2\/types\/post"}],"author":[{"embeddable":true,"href":"https:\/\/eldiariodesanpedro.com.ar\/sitio\/wp-json\/wp\/v2\/users\/4"}],"replies":[{"embeddable":true,"href":"https:\/\/eldiariodesanpedro.com.ar\/sitio\/wp-json\/wp\/v2\/comments?post=87028"}],"version-history":[{"count":1,"href":"https:\/\/eldiariodesanpedro.com.ar\/sitio\/wp-json\/wp\/v2\/posts\/87028\/revisions"}],"predecessor-version":[{"id":87031,"href":"https:\/\/eldiariodesanpedro.com.ar\/sitio\/wp-json\/wp\/v2\/posts\/87028\/revisions\/87031"}],"wp:featuredmedia":[{"embeddable":true,"href":"https:\/\/eldiariodesanpedro.com.ar\/sitio\/wp-json\/wp\/v2\/media\/87029"}],"wp:attachment":[{"href":"https:\/\/eldiariodesanpedro.com.ar\/sitio\/wp-json\/wp\/v2\/media?parent=87028"}],"wp:term":[{"taxonomy":"category","embeddable":true,"href":"https:\/\/eldiariodesanpedro.com.ar\/sitio\/wp-json\/wp\/v2\/categories?post=87028"},{"taxonomy":"post_tag","embeddable":true,"href":"https:\/\/eldiariodesanpedro.com.ar\/sitio\/wp-json\/wp\/v2\/tags?post=87028"}],"curies":[{"name":"wp","href":"https:\/\/api.w.org\/{rel}","templated":true}]}}