{"id":87026,"date":"2021-02-03T19:25:23","date_gmt":"2021-02-03T22:25:23","guid":{"rendered":"https:\/\/eldiariodesanpedro.com.ar\/sitio\/?p=87026"},"modified":"2021-02-03T19:25:26","modified_gmt":"2021-02-03T22:25:26","slug":"baradero-sanzio-quieren-sacarle-legitimidad-a-la-vacuna-2","status":"publish","type":"post","link":"https:\/\/eldiariodesanpedro.com.ar\/sitio\/baradero-sanzio-quieren-sacarle-legitimidad-a-la-vacuna-2\/","title":{"rendered":"BARADERO | Sanzio: \u00abQuieren sacarle legitimidad a la vacuna\u00bb"},"content":{"rendered":"<!-- VideographyWP Plugin Message: Automatic video embedding prevented by plugin options. -->\n\n<p>El Intendente Esteban Sanzio habl\u00f3 en&nbsp;<strong>La Ma\u00f1ana y Yo<\/strong>, tras haber dado positivo de Coronavirus: \u00ab<em>Estamos transitando la enfermedad con mi mujer de la mejor manera, siento un resfr\u00edo leve y esto es gracias a que me vacun\u00e9\u00bb.<\/em><\/p>\n\n\n\n<p>\u00ab<em>Esperamos llevar adelante la vacunaci\u00f3n masiva, me parece que algunos medios nacionales quisieron dar un mensaje confuso diciendo que la vacuna no funcion\u00f3 en este caso\u00bb.<\/em><\/p>\n\n\n\n<p>\u00ab<em>Lo que pas\u00f3 es que no hab\u00edan pasado los 21 d\u00edas correspondientes para lograr inmunidad, despu\u00e9s de la segunda dosis que me aplicaron\u00bb.<\/em><\/p>\n\n\n\n<p>\u00ab<em>Mi mujer al ser personal de salud recibi\u00f3 tambi\u00e9n la vacuna, empez\u00f3 a levantar fiebre que cre\u00edmos que era normal hasta que perdi\u00f3 el gusto y olfato y ah\u00ed fue donde nos hisopamos, dando positivo\u00bb.<\/em><\/p>\n\n\n\n<p>\u00ab<em>No me ped\u00ed licencia porque no estoy inhabilitado para cumplir mis funciones, s\u00f3lo cambiamos la modalidad de trabajo y el tema de la firmas que es todo digital<\/em>\u00ab.<\/p>\n\n\n\n<p>Fuente:&nbsp;<a href=\"http:\/\/tiemponoticias.com.ar\/noba\/2021\/02\/03\/sanzio-en-fm-tiempo-quieren-sacarle-legitimidad-a-la-vacuna\/\">Tiempo Noticias<\/a><\/p>\n","protected":false},"excerpt":{"rendered":"<p>El Intendente Esteban Sanzio habl\u00f3 en&nbsp;La Ma\u00f1ana y Yo, tras haber dado positivo de Coronavirus: \u00abEstamos transitando la enfermedad con mi mujer de la mejor manera, siento un resfr\u00edo leve y esto es gracias a que me vacun\u00e9\u00bb. \u00abEsperamos llevar adelante la vacunaci\u00f3n masiva, me parece que algunos medios nacionales quisieron dar un mensaje confuso [&hellip;]<\/p>\n","protected":false},"author":4,"featured_media":86937,"comment_status":"open","ping_status":"closed","sticky":false,"template":"","format":"standard","meta":{"om_disable_all_campaigns":false,"_jetpack_memberships_contains_paid_content":false,"footnotes":""},"categories":[621],"tags":[],"class_list":["post-87026","post","type-post","status-publish","format-standard","has-post-thumbnail","hentry","category-regionales"],"aioseo_notices":[],"gutentor_comment":0,"jetpack_featured_media_url":"https:\/\/eldiariodesanpedro.com.ar\/sitio\/wp-content\/uploads\/2021\/02\/141878824_2757708334441566_6787534923142694590_n.jpg","jetpack_shortlink":"https:\/\/wp.me\/p6RhLt-mDE","jetpack_sharing_enabled":true,"_links":{"self":[{"href":"https:\/\/eldiariodesanpedro.com.ar\/sitio\/wp-json\/wp\/v2\/posts\/87026","targetHints":{"allow":["GET"]}}],"collection":[{"href":"https:\/\/eldiariodesanpedro.com.ar\/sitio\/wp-json\/wp\/v2\/posts"}],"about":[{"href":"https:\/\/eldiariodesanpedro.com.ar\/sitio\/wp-json\/wp\/v2\/types\/post"}],"author":[{"embeddable":true,"href":"https:\/\/eldiariodesanpedro.com.ar\/sitio\/wp-json\/wp\/v2\/users\/4"}],"replies":[{"embeddable":true,"href":"https:\/\/eldiariodesanpedro.com.ar\/sitio\/wp-json\/wp\/v2\/comments?post=87026"}],"version-history":[{"count":1,"href":"https:\/\/eldiariodesanpedro.com.ar\/sitio\/wp-json\/wp\/v2\/posts\/87026\/revisions"}],"predecessor-version":[{"id":87027,"href":"https:\/\/eldiariodesanpedro.com.ar\/sitio\/wp-json\/wp\/v2\/posts\/87026\/revisions\/87027"}],"wp:featuredmedia":[{"embeddable":true,"href":"https:\/\/eldiariodesanpedro.com.ar\/sitio\/wp-json\/wp\/v2\/media\/86937"}],"wp:attachment":[{"href":"https:\/\/eldiariodesanpedro.com.ar\/sitio\/wp-json\/wp\/v2\/media?parent=87026"}],"wp:term":[{"taxonomy":"category","embeddable":true,"href":"https:\/\/eldiariodesanpedro.com.ar\/sitio\/wp-json\/wp\/v2\/categories?post=87026"},{"taxonomy":"post_tag","embeddable":true,"href":"https:\/\/eldiariodesanpedro.com.ar\/sitio\/wp-json\/wp\/v2\/tags?post=87026"}],"curies":[{"name":"wp","href":"https:\/\/api.w.org\/{rel}","templated":true}]}}