{"id":87008,"date":"2021-02-03T18:40:46","date_gmt":"2021-02-03T21:40:46","guid":{"rendered":"https:\/\/eldiariodesanpedro.com.ar\/sitio\/?p=87008"},"modified":"2021-02-03T18:58:36","modified_gmt":"2021-02-03T21:58:36","slug":"el-ejecutivo-autoriza-eventos-de-hasta-100-personas-como-cumpleanos-de-15-y-casamientos","status":"publish","type":"post","link":"https:\/\/eldiariodesanpedro.com.ar\/sitio\/el-ejecutivo-autoriza-eventos-de-hasta-100-personas-como-cumpleanos-de-15-y-casamientos\/","title":{"rendered":"El ejecutivo autoriza eventos de hasta 100 personas como cumplea\u00f1os de 15  y casamientos"},"content":{"rendered":"<!-- VideographyWP Plugin Message: Automatic video embedding prevented by plugin options. -->\n\n<p>Un grupo de representantes de salones de fiestas, organizadores de eventos y prestadores de servicios de rubros afines, fueron recibidos este mediod\u00eda por el Secretario de Gobierno Silvio Corti y el Director de Modernizaci\u00f3n Hern\u00e1n Contreras, para analizar alternativas que permitan obtener la autorizaci\u00f3n al funcionamiento de sus actividades, cumpliendo con protocolos sanitarios.<\/p>\n\n\n\n<p>Los representantes de estos sectores expresaron su preocupaci\u00f3n ante la imposibilidad de trabajar de manera ordenada y autorizada, especialmente ante la constante promoci\u00f3n de fiestas clandestinas o reuniones sociales que se organizan en casas particulares, sin estar autorizadas y con un riesgo mayor al que supone planificarlas en sitios con otro tipo de infraestructura.<\/p>\n\n\n\n<p>Tanto desde el gobierno municipal como desde el grupo solicitante se destac\u00f3 que la prevenci\u00f3n sigue siendo una cuesti\u00f3n fundamental, pero ante la situaci\u00f3n general es necesario avanzar hacia una nueva etapa.<\/p>\n\n\n\n<p>Considerando la solicitud y el contexto actual, se inform\u00f3 a los comerciantes y prestadores de servicios de esta actividad que en las pr\u00f3ximas horas el Intendente Municipal firmar\u00e1 un decreto para autorizar, desde este fin de semana la organizaci\u00f3n de reuniones sociales, con hasta 100 personas, exclusivamente en comercios habilitados para tal fin.<\/p>\n\n\n\n<p>En cada caso, los titulares de los comercios y prestadores de servicios habilitados ser\u00e1n los responsables de aplicar y exigir el cumplimiento de los protocolos establecidos e informarlos a sus clientes o concurrentes.<\/p>\n\n\n\n<figure class=\"wp-block-image size-large\"><img decoding=\"async\" width=\"1024\" height=\"608\" data-attachment-id=\"87018\" data-permalink=\"https:\/\/eldiariodesanpedro.com.ar\/sitio\/el-ejecutivo-autoriza-eventos-de-hasta-100-personas-como-cumpleanos-de-15-y-casamientos\/whatsapp-image-2021-02-03-at-18-20-03\/\" data-orig-file=\"https:\/\/eldiariodesanpedro.com.ar\/sitio\/wp-content\/uploads\/2021\/02\/WhatsApp-Image-2021-02-03-at-18.20.03.jpeg\" data-orig-size=\"1280,760\" data-comments-opened=\"1\" data-image-meta=\"{&quot;aperture&quot;:&quot;0&quot;,&quot;credit&quot;:&quot;&quot;,&quot;camera&quot;:&quot;&quot;,&quot;caption&quot;:&quot;&quot;,&quot;created_timestamp&quot;:&quot;0&quot;,&quot;copyright&quot;:&quot;&quot;,&quot;focal_length&quot;:&quot;0&quot;,&quot;iso&quot;:&quot;0&quot;,&quot;shutter_speed&quot;:&quot;0&quot;,&quot;title&quot;:&quot;&quot;,&quot;orientation&quot;:&quot;0&quot;}\" data-image-title=\"WhatsApp Image 2021-02-03 at 18.20.03\" data-image-description=\"\" data-image-caption=\"\" data-large-file=\"https:\/\/eldiariodesanpedro.com.ar\/sitio\/wp-content\/uploads\/2021\/02\/WhatsApp-Image-2021-02-03-at-18.20.03-1024x608.jpeg\" data-src=\"https:\/\/eldiariodesanpedro.com.ar\/sitio\/wp-content\/uploads\/2021\/02\/WhatsApp-Image-2021-02-03-at-18.20.03-1024x608.jpeg\" alt=\"\" class=\"wp-image-87018 lazyload\" data-srcset=\"https:\/\/eldiariodesanpedro.com.ar\/sitio\/wp-content\/uploads\/2021\/02\/WhatsApp-Image-2021-02-03-at-18.20.03-1024x608.jpeg 1024w, https:\/\/eldiariodesanpedro.com.ar\/sitio\/wp-content\/uploads\/2021\/02\/WhatsApp-Image-2021-02-03-at-18.20.03-300x178.jpeg 300w, https:\/\/eldiariodesanpedro.com.ar\/sitio\/wp-content\/uploads\/2021\/02\/WhatsApp-Image-2021-02-03-at-18.20.03-768x456.jpeg 768w, https:\/\/eldiariodesanpedro.com.ar\/sitio\/wp-content\/uploads\/2021\/02\/WhatsApp-Image-2021-02-03-at-18.20.03.jpeg 1280w\" data-sizes=\"(max-width: 1024px) 100vw, 1024px\" src=\"data:image\/svg+xml;base64,PHN2ZyB3aWR0aD0iMSIgaGVpZ2h0PSIxIiB4bWxucz0iaHR0cDovL3d3dy53My5vcmcvMjAwMC9zdmciPjwvc3ZnPg==\" style=\"--smush-placeholder-width: 1024px; --smush-placeholder-aspect-ratio: 1024\/608;\" \/><\/figure>\n\n\n\n<figure class=\"wp-block-image size-large\"><img decoding=\"async\" width=\"1024\" height=\"768\" data-attachment-id=\"87016\" data-permalink=\"https:\/\/eldiariodesanpedro.com.ar\/sitio\/el-ejecutivo-autoriza-eventos-de-hasta-100-personas-como-cumpleanos-de-15-y-casamientos\/whatsapp-image-2021-02-03-at-18-20-02-2\/\" data-orig-file=\"https:\/\/eldiariodesanpedro.com.ar\/sitio\/wp-content\/uploads\/2021\/02\/WhatsApp-Image-2021-02-03-at-18.20.02-2.jpeg\" data-orig-size=\"1280,960\" data-comments-opened=\"1\" data-image-meta=\"{&quot;aperture&quot;:&quot;0&quot;,&quot;credit&quot;:&quot;&quot;,&quot;camera&quot;:&quot;&quot;,&quot;caption&quot;:&quot;&quot;,&quot;created_timestamp&quot;:&quot;0&quot;,&quot;copyright&quot;:&quot;&quot;,&quot;focal_length&quot;:&quot;0&quot;,&quot;iso&quot;:&quot;0&quot;,&quot;shutter_speed&quot;:&quot;0&quot;,&quot;title&quot;:&quot;&quot;,&quot;orientation&quot;:&quot;0&quot;}\" data-image-title=\"WhatsApp Image 2021-02-03 at 18.20.02 (2)\" data-image-description=\"\" data-image-caption=\"\" data-large-file=\"https:\/\/eldiariodesanpedro.com.ar\/sitio\/wp-content\/uploads\/2021\/02\/WhatsApp-Image-2021-02-03-at-18.20.02-2-1024x768.jpeg\" data-src=\"https:\/\/eldiariodesanpedro.com.ar\/sitio\/wp-content\/uploads\/2021\/02\/WhatsApp-Image-2021-02-03-at-18.20.02-2-1024x768.jpeg\" alt=\"\" class=\"wp-image-87016 lazyload\" data-srcset=\"https:\/\/eldiariodesanpedro.com.ar\/sitio\/wp-content\/uploads\/2021\/02\/WhatsApp-Image-2021-02-03-at-18.20.02-2-1024x768.jpeg 1024w, https:\/\/eldiariodesanpedro.com.ar\/sitio\/wp-content\/uploads\/2021\/02\/WhatsApp-Image-2021-02-03-at-18.20.02-2-300x225.jpeg 300w, https:\/\/eldiariodesanpedro.com.ar\/sitio\/wp-content\/uploads\/2021\/02\/WhatsApp-Image-2021-02-03-at-18.20.02-2-768x576.jpeg 768w, https:\/\/eldiariodesanpedro.com.ar\/sitio\/wp-content\/uploads\/2021\/02\/WhatsApp-Image-2021-02-03-at-18.20.02-2-500x375.jpeg 500w, https:\/\/eldiariodesanpedro.com.ar\/sitio\/wp-content\/uploads\/2021\/02\/WhatsApp-Image-2021-02-03-at-18.20.02-2.jpeg 1280w\" data-sizes=\"(max-width: 1024px) 100vw, 1024px\" src=\"data:image\/svg+xml;base64,PHN2ZyB3aWR0aD0iMSIgaGVpZ2h0PSIxIiB4bWxucz0iaHR0cDovL3d3dy53My5vcmcvMjAwMC9zdmciPjwvc3ZnPg==\" style=\"--smush-placeholder-width: 1024px; --smush-placeholder-aspect-ratio: 1024\/768;\" \/><\/figure>\n","protected":false},"excerpt":{"rendered":"<p>Un grupo de representantes de salones de fiestas, organizadores de eventos y prestadores de servicios de rubros afines, fueron recibidos este mediod\u00eda por el Secretario de Gobierno Silvio Corti y el Director de Modernizaci\u00f3n Hern\u00e1n Contreras, para analizar alternativas que permitan obtener la autorizaci\u00f3n al funcionamiento de sus actividades, cumpliendo con protocolos sanitarios. Los representantes [&hellip;]<\/p>\n","protected":false},"author":4,"featured_media":87009,"comment_status":"open","ping_status":"closed","sticky":false,"template":"","format":"standard","meta":{"om_disable_all_campaigns":false,"_jetpack_memberships_contains_paid_content":false,"footnotes":""},"categories":[50,101,2],"tags":[],"class_list":["post-87008","post","type-post","status-publish","format-standard","has-post-thumbnail","hentry","category-destacadas","category-interes-general-locales","category-locales"],"aioseo_notices":[],"gutentor_comment":0,"jetpack_featured_media_url":"https:\/\/eldiariodesanpedro.com.ar\/sitio\/wp-content\/uploads\/2021\/02\/262_fotografo-casamiento-estancias-del-pilar-carpa-pat-fer_042-1.jpg","jetpack_shortlink":"https:\/\/wp.me\/p6RhLt-mDm","jetpack_sharing_enabled":true,"_links":{"self":[{"href":"https:\/\/eldiariodesanpedro.com.ar\/sitio\/wp-json\/wp\/v2\/posts\/87008","targetHints":{"allow":["GET"]}}],"collection":[{"href":"https:\/\/eldiariodesanpedro.com.ar\/sitio\/wp-json\/wp\/v2\/posts"}],"about":[{"href":"https:\/\/eldiariodesanpedro.com.ar\/sitio\/wp-json\/wp\/v2\/types\/post"}],"author":[{"embeddable":true,"href":"https:\/\/eldiariodesanpedro.com.ar\/sitio\/wp-json\/wp\/v2\/users\/4"}],"replies":[{"embeddable":true,"href":"https:\/\/eldiariodesanpedro.com.ar\/sitio\/wp-json\/wp\/v2\/comments?post=87008"}],"version-history":[{"count":2,"href":"https:\/\/eldiariodesanpedro.com.ar\/sitio\/wp-json\/wp\/v2\/posts\/87008\/revisions"}],"predecessor-version":[{"id":87020,"href":"https:\/\/eldiariodesanpedro.com.ar\/sitio\/wp-json\/wp\/v2\/posts\/87008\/revisions\/87020"}],"wp:featuredmedia":[{"embeddable":true,"href":"https:\/\/eldiariodesanpedro.com.ar\/sitio\/wp-json\/wp\/v2\/media\/87009"}],"wp:attachment":[{"href":"https:\/\/eldiariodesanpedro.com.ar\/sitio\/wp-json\/wp\/v2\/media?parent=87008"}],"wp:term":[{"taxonomy":"category","embeddable":true,"href":"https:\/\/eldiariodesanpedro.com.ar\/sitio\/wp-json\/wp\/v2\/categories?post=87008"},{"taxonomy":"post_tag","embeddable":true,"href":"https:\/\/eldiariodesanpedro.com.ar\/sitio\/wp-json\/wp\/v2\/tags?post=87008"}],"curies":[{"name":"wp","href":"https:\/\/api.w.org\/{rel}","templated":true}]}}