{"id":87005,"date":"2021-02-03T18:17:36","date_gmt":"2021-02-03T21:17:36","guid":{"rendered":"https:\/\/eldiariodesanpedro.com.ar\/sitio\/?p=87005"},"modified":"2021-02-03T18:17:40","modified_gmt":"2021-02-03T21:17:40","slug":"realizaran-restauraciones-en-la-india","status":"publish","type":"post","link":"https:\/\/eldiariodesanpedro.com.ar\/sitio\/realizaran-restauraciones-en-la-india\/","title":{"rendered":"Realizaran restauraciones en \u00abLa India\u00bb"},"content":{"rendered":"<!-- VideographyWP Plugin Message: Automatic video embedding prevented by plugin options. -->\n\n<p>En los pr\u00f3ximos d\u00edas la municipalidad de San Pedro y en especial la Direcci\u00f3n de Cultura comenzara la restauraci\u00f3n de \u201cla India\u201d, ubicado en la intersecci\u00f3n de Joaquin V. Gonz\u00e1lez y Boulevard Paran\u00e1, obra de Miguel Prelatto y Anibal de Ant\u00f3n. <\/p>\n\n\n\n<p>Los trabajos estar\u00e1n a cargo del artista local Lucas Zapulla.<\/p>\n","protected":false},"excerpt":{"rendered":"<p>En los pr\u00f3ximos d\u00edas la municipalidad de San Pedro y en especial la Direcci\u00f3n de Cultura comenzara la restauraci\u00f3n de \u201cla India\u201d, ubicado en la intersecci\u00f3n de Joaquin V. Gonz\u00e1lez y Boulevard Paran\u00e1, obra de Miguel Prelatto y Anibal de Ant\u00f3n. Los trabajos estar\u00e1n a cargo del artista local Lucas Zapulla.<\/p>\n","protected":false},"author":4,"featured_media":87006,"comment_status":"open","ping_status":"closed","sticky":false,"template":"","format":"standard","meta":{"om_disable_all_campaigns":false,"_jetpack_memberships_contains_paid_content":false,"footnotes":""},"categories":[101,2],"tags":[],"class_list":["post-87005","post","type-post","status-publish","format-standard","has-post-thumbnail","hentry","category-interes-general-locales","category-locales"],"aioseo_notices":[],"gutentor_comment":0,"jetpack_featured_media_url":"https:\/\/eldiariodesanpedro.com.ar\/sitio\/wp-content\/uploads\/2021\/02\/Sin-titulo-1.jpg","jetpack_shortlink":"https:\/\/wp.me\/p6RhLt-mDj","jetpack_sharing_enabled":true,"_links":{"self":[{"href":"https:\/\/eldiariodesanpedro.com.ar\/sitio\/wp-json\/wp\/v2\/posts\/87005","targetHints":{"allow":["GET"]}}],"collection":[{"href":"https:\/\/eldiariodesanpedro.com.ar\/sitio\/wp-json\/wp\/v2\/posts"}],"about":[{"href":"https:\/\/eldiariodesanpedro.com.ar\/sitio\/wp-json\/wp\/v2\/types\/post"}],"author":[{"embeddable":true,"href":"https:\/\/eldiariodesanpedro.com.ar\/sitio\/wp-json\/wp\/v2\/users\/4"}],"replies":[{"embeddable":true,"href":"https:\/\/eldiariodesanpedro.com.ar\/sitio\/wp-json\/wp\/v2\/comments?post=87005"}],"version-history":[{"count":1,"href":"https:\/\/eldiariodesanpedro.com.ar\/sitio\/wp-json\/wp\/v2\/posts\/87005\/revisions"}],"predecessor-version":[{"id":87007,"href":"https:\/\/eldiariodesanpedro.com.ar\/sitio\/wp-json\/wp\/v2\/posts\/87005\/revisions\/87007"}],"wp:featuredmedia":[{"embeddable":true,"href":"https:\/\/eldiariodesanpedro.com.ar\/sitio\/wp-json\/wp\/v2\/media\/87006"}],"wp:attachment":[{"href":"https:\/\/eldiariodesanpedro.com.ar\/sitio\/wp-json\/wp\/v2\/media?parent=87005"}],"wp:term":[{"taxonomy":"category","embeddable":true,"href":"https:\/\/eldiariodesanpedro.com.ar\/sitio\/wp-json\/wp\/v2\/categories?post=87005"},{"taxonomy":"post_tag","embeddable":true,"href":"https:\/\/eldiariodesanpedro.com.ar\/sitio\/wp-json\/wp\/v2\/tags?post=87005"}],"curies":[{"name":"wp","href":"https:\/\/api.w.org\/{rel}","templated":true}]}}