{"id":87002,"date":"2021-02-03T17:48:44","date_gmt":"2021-02-03T20:48:44","guid":{"rendered":"https:\/\/eldiariodesanpedro.com.ar\/sitio\/?p=87002"},"modified":"2021-02-03T17:48:48","modified_gmt":"2021-02-03T20:48:48","slug":"llega-la-directora-provincial-de-fiscalizacion-agropecuaria-para-reunirse-con-la-comision-de-plagas","status":"publish","type":"post","link":"https:\/\/eldiariodesanpedro.com.ar\/sitio\/llega-la-directora-provincial-de-fiscalizacion-agropecuaria-para-reunirse-con-la-comision-de-plagas\/","title":{"rendered":"Llega la Directora Provincial de Fiscalizaci\u00f3n Agropecuaria para reunirse con la Comisi\u00f3n de Plagas"},"content":{"rendered":"<!-- VideographyWP Plugin Message: Automatic video embedding prevented by plugin options. -->\n\n<p>En la Casona Mitre y Liniers, y continuando con la agenda de temas relacionados con el \u00e1rea de Desarrollo Econ\u00f3mico y Producci\u00f3n que tambi\u00e9n est\u00e1n siendo gestionados desde la Secretaria de Turismo participaron de un encuentro esta ma\u00f1ana, los integrantes de la Comisi\u00f3n de Plagas.<\/p>\n\n\n\n<p>El grupo viene realizando un seguimiento a la campa\u00f1a de lucha contra las cotorras, atendiendo el efecto negativo que provocan en sembrados y montes frutales de nuestra zona.<\/p>\n\n\n\n<p>Estuvieron en esta mesa, algunos de manera presencial y otros a trav\u00e9s de una videoconferencia, la titular de la Secretar\u00eda Lic. Marcela Cu\u00f1er, el Coordinador de Producci\u00f3n, Hugo Ram\u00edrez, Tom\u00e1s Palaz\u00f3n, como representante de la Sociedad Rural de San Pedro y el Ing. Andr\u00e9s Molina representante del \u00e1rea de Protecci\u00f3n Vegetal del Ministerio de Desarrollo Agrario de la Provincia.<\/p>\n\n\n\n<p>El tema que ha sido tomado con especial urgencia deriv\u00f3 en las \u00faltimas horas en una gesti\u00f3n del Intendente Municipal Cecilio Salazar ante el Ministro de Desarrollo Agrario de la Provincia y para avanzar en el an\u00e1lisis de las acciones que se eval\u00faan, ma\u00f1ana llegar\u00e1 para reunirse con la Comisi\u00f3n, la Directora Provincial de Fiscalizaci\u00f3n Agropecuaria Viviana Di Marzio.<\/p>\n\n\n\n<p>Los representantes del gobierno, productores y organizaciones con intereses en el tema planifican implementar en San Pedro pruebas que se est\u00e1n implementando en otras regiones y la visita de la funcionaria permitir\u00e1 acelerar los tr\u00e1mites de aprobaci\u00f3n que se necesitan.<\/p>\n","protected":false},"excerpt":{"rendered":"<p>En la Casona Mitre y Liniers, y continuando con la agenda de temas relacionados con el \u00e1rea de Desarrollo Econ\u00f3mico y Producci\u00f3n que tambi\u00e9n est\u00e1n siendo gestionados desde la Secretaria de Turismo participaron de un encuentro esta ma\u00f1ana, los integrantes de la Comisi\u00f3n de Plagas. El grupo viene realizando un seguimiento a la campa\u00f1a de [&hellip;]<\/p>\n","protected":false},"author":4,"featured_media":87003,"comment_status":"open","ping_status":"closed","sticky":false,"template":"","format":"standard","meta":{"om_disable_all_campaigns":false,"_jetpack_memberships_contains_paid_content":false,"footnotes":""},"categories":[101,2],"tags":[],"class_list":["post-87002","post","type-post","status-publish","format-standard","has-post-thumbnail","hentry","category-interes-general-locales","category-locales"],"aioseo_notices":[],"gutentor_comment":0,"jetpack_featured_media_url":"https:\/\/eldiariodesanpedro.com.ar\/sitio\/wp-content\/uploads\/2021\/02\/WhatsApp-Image-2021-02-03-at-16.07.46.jpeg","jetpack_shortlink":"https:\/\/wp.me\/p6RhLt-mDg","jetpack_sharing_enabled":true,"_links":{"self":[{"href":"https:\/\/eldiariodesanpedro.com.ar\/sitio\/wp-json\/wp\/v2\/posts\/87002","targetHints":{"allow":["GET"]}}],"collection":[{"href":"https:\/\/eldiariodesanpedro.com.ar\/sitio\/wp-json\/wp\/v2\/posts"}],"about":[{"href":"https:\/\/eldiariodesanpedro.com.ar\/sitio\/wp-json\/wp\/v2\/types\/post"}],"author":[{"embeddable":true,"href":"https:\/\/eldiariodesanpedro.com.ar\/sitio\/wp-json\/wp\/v2\/users\/4"}],"replies":[{"embeddable":true,"href":"https:\/\/eldiariodesanpedro.com.ar\/sitio\/wp-json\/wp\/v2\/comments?post=87002"}],"version-history":[{"count":1,"href":"https:\/\/eldiariodesanpedro.com.ar\/sitio\/wp-json\/wp\/v2\/posts\/87002\/revisions"}],"predecessor-version":[{"id":87004,"href":"https:\/\/eldiariodesanpedro.com.ar\/sitio\/wp-json\/wp\/v2\/posts\/87002\/revisions\/87004"}],"wp:featuredmedia":[{"embeddable":true,"href":"https:\/\/eldiariodesanpedro.com.ar\/sitio\/wp-json\/wp\/v2\/media\/87003"}],"wp:attachment":[{"href":"https:\/\/eldiariodesanpedro.com.ar\/sitio\/wp-json\/wp\/v2\/media?parent=87002"}],"wp:term":[{"taxonomy":"category","embeddable":true,"href":"https:\/\/eldiariodesanpedro.com.ar\/sitio\/wp-json\/wp\/v2\/categories?post=87002"},{"taxonomy":"post_tag","embeddable":true,"href":"https:\/\/eldiariodesanpedro.com.ar\/sitio\/wp-json\/wp\/v2\/tags?post=87002"}],"curies":[{"name":"wp","href":"https:\/\/api.w.org\/{rel}","templated":true}]}}