{"id":86999,"date":"2021-02-03T17:43:51","date_gmt":"2021-02-03T20:43:51","guid":{"rendered":"https:\/\/eldiariodesanpedro.com.ar\/sitio\/?p=86999"},"modified":"2021-02-03T17:43:55","modified_gmt":"2021-02-03T20:43:55","slug":"visita-al-hospital-de-baradero-y-encuentro-con-funcionarios-de-salud","status":"publish","type":"post","link":"https:\/\/eldiariodesanpedro.com.ar\/sitio\/visita-al-hospital-de-baradero-y-encuentro-con-funcionarios-de-salud\/","title":{"rendered":"Visita al Hospital de Baradero y encuentro con funcionarios de salud"},"content":{"rendered":"<!-- VideographyWP Plugin Message: Automatic video embedding prevented by plugin options. -->\n\n<p>El equipo de salud de la Municipalidad de Baradero recibi\u00f3 este mi\u00e9rcoles al Secretario de Salud de San Pedro, Dr. Daniel Creus y al Director del Hospital Emilio Ruffa, Dr. Javier Sualdea.<\/p>\n\n\n\n<p>Tal como hab\u00eda quedado planteado en el encuentro que se mantuvo en Salto a comienzos de esta semana, retomando la conformaci\u00f3n del COSAPRO, en el d\u00eda de hoy el grupo de funcionarios que tiene a su cargo la Salud P\u00fablica de la ciudad vecina se puso a disposici\u00f3n de los funcionarios locales, no s\u00f3lo para una recorrida por el Hospital Municipal \u201cDr. Lino Pi\u00f1eiro\u201d, sino tambi\u00e9n para compartir informaci\u00f3n sobre la situaci\u00f3n sanitaria general y la contenci\u00f3n de la pandemia de Covid-19 en particular.<\/p>\n\n\n\n<p>Los anfitriones fueron, el Subsecretario de Salud de Baradero Carlos Baliela, el Director de Atenci\u00f3n Primaria Nicol\u00e1s Natalicho, el Director del Hospital Silvio Ejarque y el Director Administrativo Julio Lenguitti.<\/p>\n\n\n\n<p>M\u00e1s all\u00e1 de algunas situaciones puntuales, la agenda de los equipos de salud de ambas localidades hoy tiene temas en com\u00fan y en l\u00ednea con el plan provincial para trabajar de manera regional estas cuestiones se han comenzado a generar estas articulaciones muy importantes.<\/p>\n\n\n\n<p>En fecha a confirmar los funcionarios baraderenses visitar\u00e1n San Pedro para un nuevo encuentro.<\/p>\n","protected":false},"excerpt":{"rendered":"<p>El equipo de salud de la Municipalidad de Baradero recibi\u00f3 este mi\u00e9rcoles al Secretario de Salud de San Pedro, Dr. Daniel Creus y al Director del Hospital Emilio Ruffa, Dr. Javier Sualdea. Tal como hab\u00eda quedado planteado en el encuentro que se mantuvo en Salto a comienzos de esta semana, retomando la conformaci\u00f3n del COSAPRO, [&hellip;]<\/p>\n","protected":false},"author":4,"featured_media":87000,"comment_status":"open","ping_status":"closed","sticky":false,"template":"","format":"standard","meta":{"om_disable_all_campaigns":false,"_jetpack_memberships_contains_paid_content":false,"footnotes":""},"categories":[101,2],"tags":[],"class_list":["post-86999","post","type-post","status-publish","format-standard","has-post-thumbnail","hentry","category-interes-general-locales","category-locales"],"aioseo_notices":[],"gutentor_comment":0,"jetpack_featured_media_url":"https:\/\/eldiariodesanpedro.com.ar\/sitio\/wp-content\/uploads\/2021\/02\/WhatsApp-Image-2021-02-03-at-15.37.57.jpeg","jetpack_shortlink":"https:\/\/wp.me\/p6RhLt-mDd","jetpack_sharing_enabled":true,"_links":{"self":[{"href":"https:\/\/eldiariodesanpedro.com.ar\/sitio\/wp-json\/wp\/v2\/posts\/86999","targetHints":{"allow":["GET"]}}],"collection":[{"href":"https:\/\/eldiariodesanpedro.com.ar\/sitio\/wp-json\/wp\/v2\/posts"}],"about":[{"href":"https:\/\/eldiariodesanpedro.com.ar\/sitio\/wp-json\/wp\/v2\/types\/post"}],"author":[{"embeddable":true,"href":"https:\/\/eldiariodesanpedro.com.ar\/sitio\/wp-json\/wp\/v2\/users\/4"}],"replies":[{"embeddable":true,"href":"https:\/\/eldiariodesanpedro.com.ar\/sitio\/wp-json\/wp\/v2\/comments?post=86999"}],"version-history":[{"count":1,"href":"https:\/\/eldiariodesanpedro.com.ar\/sitio\/wp-json\/wp\/v2\/posts\/86999\/revisions"}],"predecessor-version":[{"id":87001,"href":"https:\/\/eldiariodesanpedro.com.ar\/sitio\/wp-json\/wp\/v2\/posts\/86999\/revisions\/87001"}],"wp:featuredmedia":[{"embeddable":true,"href":"https:\/\/eldiariodesanpedro.com.ar\/sitio\/wp-json\/wp\/v2\/media\/87000"}],"wp:attachment":[{"href":"https:\/\/eldiariodesanpedro.com.ar\/sitio\/wp-json\/wp\/v2\/media?parent=86999"}],"wp:term":[{"taxonomy":"category","embeddable":true,"href":"https:\/\/eldiariodesanpedro.com.ar\/sitio\/wp-json\/wp\/v2\/categories?post=86999"},{"taxonomy":"post_tag","embeddable":true,"href":"https:\/\/eldiariodesanpedro.com.ar\/sitio\/wp-json\/wp\/v2\/tags?post=86999"}],"curies":[{"name":"wp","href":"https:\/\/api.w.org\/{rel}","templated":true}]}}