{"id":86993,"date":"2021-02-03T12:08:34","date_gmt":"2021-02-03T15:08:34","guid":{"rendered":"https:\/\/eldiariodesanpedro.com.ar\/sitio\/?p=86993"},"modified":"2021-02-03T12:08:35","modified_gmt":"2021-02-03T15:08:35","slug":"el-gobernador-se-reunio-virtualmente-con-los-135-intendentes-bonaerenses","status":"publish","type":"post","link":"https:\/\/eldiariodesanpedro.com.ar\/sitio\/el-gobernador-se-reunio-virtualmente-con-los-135-intendentes-bonaerenses\/","title":{"rendered":"El Gobernador se reuni\u00f3 virtualmente con los 135 Intendentes bonaerenses"},"content":{"rendered":"<!-- VideographyWP Plugin Message: Automatic video embedding prevented by plugin options. -->\n\n<p>Pese a que desde los Municipios gobernados por Cambiemos coinciden en cr\u00edticas a la campa\u00f1a de vacunaci\u00f3n corrdinada desde la Provincia, Axel Kicillof y funcionarios provinciales actualizaron la situaci\u00f3n epidemiol\u00f3gica y aseguraron:\u00a0\u201cLa vacunaci\u00f3n masiva ser\u00e1 la \u00fanica forma de terminar con el coronavirus\u201d.<\/p>\n\n\n\n<p>El gobernador de la provincia de Buenos Aires, Axel Kicillof, se reuni\u00f3 hoy de forma virtual con los y las intendentas de los 135 municipios y brind\u00f3 luego una conferencia de prensa para actualizar la situaci\u00f3n epidemiol\u00f3gica. Estuvo acompa\u00f1ado por la vicegobernadora Ver\u00f3nica Magario; el jefe de Gabinete, Carlos Bianco, y los ministros de Salud, Daniel Gollan, y de Producci\u00f3n, Ciencia e Innovaci\u00f3n Tecnol\u00f3gica, Augusto Costa.<\/p>\n\n\n\n<p>Desde el Sal\u00f3n Dorado de la Gobernaci\u00f3n, Kicillof destac\u00f3: \u201cLlevamos tres semanas consecutivas de lenta pero persistente reducci\u00f3n de los casos, fruto del cuidado personal y de las medidas que se han adoptado para frenar el avance del virus\u201d. \u201cComo nos comprometimos, al haber seguido el descenso de los contagios estamos en condiciones de extender el horario nocturno de la 1 a las 2 de la ma\u00f1ana\u201d, anunci\u00f3.<\/p>\n\n\n\n<p>\u201cHoy hubo una novedad muy importante a partir de la publicaci\u00f3n de los resultados de los estudios de fase 3 de la vacuna Sputnik V en la revista The Lancet, que demuestra lo que ya sab\u00edamos desde la autorizaci\u00f3n de la ANMAT: es una tecnolog\u00eda confiable, segura y eficaz\u201d, explic\u00f3 Kicillof y se\u00f1al\u00f3 que \u201cel art\u00edculo termina con las \u00faltimas excusas y barreras; todos tenemos que comprender que la vacunaci\u00f3n masiva ser\u00e1 la \u00fanica forma de terminar con el coronavirus\u201d.<\/p>\n\n\n\n<p>En ese marco, subray\u00f3 que \u201ces fundamental la preinscripci\u00f3n para conocer la voluntad de recibir la vacuna y, a partir de ello, poder organizar la log\u00edstica de distribuci\u00f3n de las dosis para cada municipio\u201d, al tiempo que ponder\u00f3 \u201cel trabajo de sindicatos, organizaciones civiles, sociales y de culto, y sobre todo de los j\u00f3venes que desinteresadamente est\u00e1n ayudando a los y las bonaerenses que tienen problemas de acceso a la tecnolog\u00eda necesaria para la registraci\u00f3n\u201d.<\/p>\n\n\n\n<p>Los y las bonaerenses que opten por recibir la vacuna deben preinscribirse en el sitio www.vacunatepba.gba.gob.ar o a trav\u00e9s de la aplicaci\u00f3n vacunatePBA. All\u00ed se gestionar\u00e1n los turnos de acuerdo a las distintas prioridades establecidas en el plan de vacunaci\u00f3n.<\/p>\n\n\n\n<p>El ministro Gollan, en tanto, detall\u00f3 el estado de la situaci\u00f3n sanitaria que muestra un leve descenso del promedio de casos diarios, con 3.674 casos frente a los 3.882 de la semana anterior. Asimismo, la ocupaci\u00f3n de camas de terapia intensiva alcanza un 58,06% en la zona metropolitana y un 39,51% en el interior de la Provincia.<\/p>\n\n\n\n<p>\u201cLas medidas que se adoptaron permitieron que pudi\u00e9ramos frenar el avance y pasar a un lento descenso de los casos\u201d, sostuvo Gollan, en tanto que se\u00f1al\u00f3 que \u201chay llamados de atenci\u00f3n porque la ca\u00edda fue m\u00e1s lenta que la semana anterior y porque el sistema predictivo de llamados al 148 se est\u00e1 amesetando de forma importante\u201d.<\/p>\n\n\n\n<p>\u201cEl informe de The Lancet con el ensayo cl\u00ednico de la fase 3 arroj\u00f3 que Sputnik V es una vacuna extraordinaria\u201d, explic\u00f3 Gollan y a\u00f1adi\u00f3: \u201cEstamos avanzando a buen ritmo con la aplicaci\u00f3n de la segunda dosis en el personal de salud e invitamos a toda la comunidad a ayudar a sus vecinos y sus vecinas a inscribirse\u201d.<\/p>\n\n\n\n<p>A su vez, el Jefe de Gabinete, Carlos Bianco, explic\u00f3 las modificaciones en el sistema de fases que a esta semana presenta un municipio en fase 3, 126 en fase 4 y 8 en fase 5. \u201cTenemos solamente un municipio en fase 3 cuando la semana pasada hab\u00eda 4, lo que significa que tres han ascendido de fase y hemos podido permitir actividades adicionales\u00bb, se\u00f1al\u00f3.<\/p>\n\n\n\n<p>En ese sentido, Balcarce se mantiene en fase 3, los distritos de Lincoln, Lober\u00eda y Bol\u00edvar ascendieron a fase 4, en tanto que San Cayetano pas\u00f3 a fase 5. El \u00fanico que baj\u00f3 un nivel ha sido General Lavalle, que para controlar un rebrote descendi\u00f3 a fase 4.<\/p>\n\n\n\n<p>Por su parte, Costa afirm\u00f3 que \u201ccerramos el segundo mes de actividad tur\u00edstica con la tranquilidad de que estamos teniendo la mejor temporada posible y somos optimistas para el mes febrero en base al nivel de reservas que se observa\u201d. \u201cTrabajamos para brindar certezas y contamos con el esfuerzo de la inmensa mayor\u00eda que est\u00e1 respetando los protocolos, consciente de que evitar la propagaci\u00f3n del virus es lo que nos permite retomar la producci\u00f3n y la actividad\u201d, dijo.<\/p>\n\n\n\n<p>\u201cDesde que comenz\u00f3 la temporada se emitieron 1.640.000 certificados a partir de la aplicaci\u00f3n Cuidar Verano: hasta aqu\u00ed son 3.500.000 los argentinos y las argentinas que han elegido a la Provincia de Buenos Aires para tomar sus vacaciones\u201d, enfatiz\u00f3 Costa.<\/p>\n\n\n\n<p>Sobre el ciclo lectivo, Kicillof asegur\u00f3 que \u201cel 17 de febrero comenzar\u00e1 una etapa de recuperaci\u00f3n y el 1 de marzo ser\u00e1 el inicio formal de las clases con una presencialidad cuidada\u201d. Y agreg\u00f3: \u201cSer\u00e1 con protocolos porque el virus sigue circulando y es fundamental que evitemos los contagios y preservemos la capacidad de respuesta del sistema de salud\u201d.<\/p>\n\n\n\n<p>De la reuni\u00f3n con jefes municipales participaron tambi\u00e9n la ministra de Gobierno, Teresa Garc\u00eda; la directora general de Cultura y Educaci\u00f3n, Agustina Vila; y el viceministro de Salud, Nicol\u00e1s Kreplak. En ese marco, el intendente del partido de La Costa, Cristian Cardozo, destac\u00f3 que \u201cse tomaron decisiones muy acertadas que permitieron que miles de argentinos y argentinas se movilizaran durante la temporada\u201d. \u201cLos protocolos de cuidado se est\u00e1n aplicando y eso se ve reflejado en los buenos resultados que estamos obteniendo los destinos tur\u00edsticos\u201d, concluy\u00f3.<\/p>\n","protected":false},"excerpt":{"rendered":"<p>Pese a que desde los Municipios gobernados por Cambiemos coinciden en cr\u00edticas a la campa\u00f1a de vacunaci\u00f3n corrdinada desde la Provincia, Axel Kicillof y funcionarios provinciales actualizaron la situaci\u00f3n epidemiol\u00f3gica y aseguraron:\u00a0\u201cLa vacunaci\u00f3n masiva ser\u00e1 la \u00fanica forma de terminar con el coronavirus\u201d. El gobernador de la provincia de Buenos Aires, Axel Kicillof, se reuni\u00f3 [&hellip;]<\/p>\n","protected":false},"author":4,"featured_media":86994,"comment_status":"open","ping_status":"closed","sticky":false,"template":"","format":"standard","meta":{"om_disable_all_campaigns":false,"_jetpack_memberships_contains_paid_content":false,"footnotes":""},"categories":[621],"tags":[],"class_list":["post-86993","post","type-post","status-publish","format-standard","has-post-thumbnail","hentry","category-regionales"],"aioseo_notices":[],"gutentor_comment":0,"jetpack_featured_media_url":"https:\/\/eldiariodesanpedro.com.ar\/sitio\/wp-content\/uploads\/2021\/02\/20210202104653.jpg","jetpack_shortlink":"https:\/\/wp.me\/p6RhLt-mD7","jetpack_sharing_enabled":true,"_links":{"self":[{"href":"https:\/\/eldiariodesanpedro.com.ar\/sitio\/wp-json\/wp\/v2\/posts\/86993","targetHints":{"allow":["GET"]}}],"collection":[{"href":"https:\/\/eldiariodesanpedro.com.ar\/sitio\/wp-json\/wp\/v2\/posts"}],"about":[{"href":"https:\/\/eldiariodesanpedro.com.ar\/sitio\/wp-json\/wp\/v2\/types\/post"}],"author":[{"embeddable":true,"href":"https:\/\/eldiariodesanpedro.com.ar\/sitio\/wp-json\/wp\/v2\/users\/4"}],"replies":[{"embeddable":true,"href":"https:\/\/eldiariodesanpedro.com.ar\/sitio\/wp-json\/wp\/v2\/comments?post=86993"}],"version-history":[{"count":1,"href":"https:\/\/eldiariodesanpedro.com.ar\/sitio\/wp-json\/wp\/v2\/posts\/86993\/revisions"}],"predecessor-version":[{"id":86995,"href":"https:\/\/eldiariodesanpedro.com.ar\/sitio\/wp-json\/wp\/v2\/posts\/86993\/revisions\/86995"}],"wp:featuredmedia":[{"embeddable":true,"href":"https:\/\/eldiariodesanpedro.com.ar\/sitio\/wp-json\/wp\/v2\/media\/86994"}],"wp:attachment":[{"href":"https:\/\/eldiariodesanpedro.com.ar\/sitio\/wp-json\/wp\/v2\/media?parent=86993"}],"wp:term":[{"taxonomy":"category","embeddable":true,"href":"https:\/\/eldiariodesanpedro.com.ar\/sitio\/wp-json\/wp\/v2\/categories?post=86993"},{"taxonomy":"post_tag","embeddable":true,"href":"https:\/\/eldiariodesanpedro.com.ar\/sitio\/wp-json\/wp\/v2\/tags?post=86993"}],"curies":[{"name":"wp","href":"https:\/\/api.w.org\/{rel}","templated":true}]}}