{"id":86990,"date":"2021-02-03T12:06:23","date_gmt":"2021-02-03T15:06:23","guid":{"rendered":"https:\/\/eldiariodesanpedro.com.ar\/sitio\/?p=86990"},"modified":"2021-02-03T12:06:27","modified_gmt":"2021-02-03T15:06:27","slug":"docentes-y-maestros-volveran-a-clases-el-17-de-febrero","status":"publish","type":"post","link":"https:\/\/eldiariodesanpedro.com.ar\/sitio\/docentes-y-maestros-volveran-a-clases-el-17-de-febrero\/","title":{"rendered":"Docentes y maestros volver\u00e1n a clases el 17 de febrero"},"content":{"rendered":"<!-- VideographyWP Plugin Message: Automatic video embedding prevented by plugin options. -->\n\n<p>La Provincia se\u00f1ala que la situaci\u00f3n epidemiol\u00f3gica es \u00abdin\u00e1mica\u00bb y advierte a los y las docentes que las definiciones ser\u00e1n m\u00e1s cerca del comienzo de clases.<\/p>\n\n\n\n<p>El&nbsp;17 de febrero&nbsp;comenzar\u00e1 una etapa de&nbsp;revinculaci\u00f3n acad\u00e9mica&nbsp;en la que&nbsp;docentes&nbsp;y&nbsp;maestros&nbsp;de la&nbsp;Provincia&nbsp;volver\u00e1n a tomar contacto con aquellos&nbsp;alumnos&nbsp;y alumnas&nbsp;que durante el 2020 se desvincularon de la escuela.<\/p>\n\n\n\n<p>Al d\u00eda de hoy, la convocatoria es presencial. El 17 de febrero abrir\u00e1n las escuelas para que aquellos alumnos y alumnas que perdieron el ritmo educativo vuelvan a vincularse con el aula. Luego, a partir del 1 de marzo, comenzar\u00e1 el ciclo lectivo 2021 de la misma manera. Esto aplica tanto para docentes de secundaria como para los maestros y maestras de la primaria.<\/p>\n\n\n\n<p>Con ese calendario, hasta el momento los y las docentes deber\u00e1n decir presente a partir del pr\u00f3ximo 17 de febrero, al igual que los alumnos que lo necesiten. Desde la DGCyE se\u00f1alaron que a medida que se acerque la fecha se detallar\u00e1n los protocolos finales seg\u00fan la situaci\u00f3n de cada uno de los municipios.<\/p>\n\n\n\n<p>Fuente: Infocielo.<\/p>\n","protected":false},"excerpt":{"rendered":"<p>La Provincia se\u00f1ala que la situaci\u00f3n epidemiol\u00f3gica es \u00abdin\u00e1mica\u00bb y advierte a los y las docentes que las definiciones ser\u00e1n m\u00e1s cerca del comienzo de clases. El&nbsp;17 de febrero&nbsp;comenzar\u00e1 una etapa de&nbsp;revinculaci\u00f3n acad\u00e9mica&nbsp;en la que&nbsp;docentes&nbsp;y&nbsp;maestros&nbsp;de la&nbsp;Provincia&nbsp;volver\u00e1n a tomar contacto con aquellos&nbsp;alumnos&nbsp;y alumnas&nbsp;que durante el 2020 se desvincularon de la escuela. Al d\u00eda de hoy, la [&hellip;]<\/p>\n","protected":false},"author":4,"featured_media":86991,"comment_status":"open","ping_status":"closed","sticky":false,"template":"","format":"standard","meta":{"om_disable_all_campaigns":false,"_jetpack_memberships_contains_paid_content":false,"footnotes":""},"categories":[621],"tags":[],"class_list":["post-86990","post","type-post","status-publish","format-standard","has-post-thumbnail","hentry","category-regionales"],"aioseo_notices":[],"gutentor_comment":0,"jetpack_featured_media_url":"https:\/\/eldiariodesanpedro.com.ar\/sitio\/wp-content\/uploads\/2021\/02\/por-ahora-los-docentes-deberan-presentarse-el-17-febrero-las-escuelas.jpg","jetpack_shortlink":"https:\/\/wp.me\/p6RhLt-mD4","jetpack_sharing_enabled":true,"_links":{"self":[{"href":"https:\/\/eldiariodesanpedro.com.ar\/sitio\/wp-json\/wp\/v2\/posts\/86990","targetHints":{"allow":["GET"]}}],"collection":[{"href":"https:\/\/eldiariodesanpedro.com.ar\/sitio\/wp-json\/wp\/v2\/posts"}],"about":[{"href":"https:\/\/eldiariodesanpedro.com.ar\/sitio\/wp-json\/wp\/v2\/types\/post"}],"author":[{"embeddable":true,"href":"https:\/\/eldiariodesanpedro.com.ar\/sitio\/wp-json\/wp\/v2\/users\/4"}],"replies":[{"embeddable":true,"href":"https:\/\/eldiariodesanpedro.com.ar\/sitio\/wp-json\/wp\/v2\/comments?post=86990"}],"version-history":[{"count":1,"href":"https:\/\/eldiariodesanpedro.com.ar\/sitio\/wp-json\/wp\/v2\/posts\/86990\/revisions"}],"predecessor-version":[{"id":86992,"href":"https:\/\/eldiariodesanpedro.com.ar\/sitio\/wp-json\/wp\/v2\/posts\/86990\/revisions\/86992"}],"wp:featuredmedia":[{"embeddable":true,"href":"https:\/\/eldiariodesanpedro.com.ar\/sitio\/wp-json\/wp\/v2\/media\/86991"}],"wp:attachment":[{"href":"https:\/\/eldiariodesanpedro.com.ar\/sitio\/wp-json\/wp\/v2\/media?parent=86990"}],"wp:term":[{"taxonomy":"category","embeddable":true,"href":"https:\/\/eldiariodesanpedro.com.ar\/sitio\/wp-json\/wp\/v2\/categories?post=86990"},{"taxonomy":"post_tag","embeddable":true,"href":"https:\/\/eldiariodesanpedro.com.ar\/sitio\/wp-json\/wp\/v2\/tags?post=86990"}],"curies":[{"name":"wp","href":"https:\/\/api.w.org\/{rel}","templated":true}]}}