{"id":8699,"date":"2016-10-10T19:52:40","date_gmt":"2016-10-10T22:52:40","guid":{"rendered":"https:\/\/eldiariodesanpedro.com.ar\/sitio\/?p=8699"},"modified":"2016-10-10T20:20:11","modified_gmt":"2016-10-10T23:20:11","slug":"exitoso-fin-de-semana-se-desarrollo-la-fiesta-de-las-colectividades-feria-del-libro-y-festival-clown","status":"publish","type":"post","link":"https:\/\/eldiariodesanpedro.com.ar\/sitio\/exitoso-fin-de-semana-se-desarrollo-la-fiesta-de-las-colectividades-feria-del-libro-y-festival-clown\/","title":{"rendered":"Exitoso fin de semana: Se desarroll\u00f3 la Fiesta de las Colectividades, Feria del Libro y Festival Clown"},"content":{"rendered":"<p><!-- VideographyWP Plugin Message: Automatic video embedding prevented by plugin options. --><br \/>\nFue un fin de semana cargado de evento, sobre todo los d\u00edas s\u00e1bado y domingo, que el tiempo permiti\u00f3 que se desarrollar\u00e1 la Fiesta de las Colectividades en el Paseo P\u00fablico. La jornada del domingo, sampedrino y visitantes se volcaron en forma masiva al evento que no tuvo la participaci\u00f3n de las gran cantidad de colectividades representativas de la ciudad en esta edici\u00f3n, pero de igual modo tuvo el acompa\u00f1amiento.<br \/>\nCon una grilla armada con artistas locales. El s\u00e1bado se presentaron: Fent Polseguera, Studio All Dance, Vieja Guarda, Chacovachi (Obra Festival de Clown), Sol Altolaguirre, O Tolerancia, invade, Batucada Brasilera, Gls.<br \/>\nEn tanto que el domingo actuaron en el escenario: Andr\u00e9s Albano y Eliana Rosso, Baile Salsa, Mb Danza \u00c1rabe, Tamara Pettone Gym, Hnos Moyano, Hnos Krenz, Pablo Ram\u00edrez, Maru Marzuk, Brian V\u00e1zquez, Tumbao Show.<br \/>\nEn tanto que la tercer jornada, en la que se iba a desplegar lo gastron\u00f3mico nuevamente, el clima no permiti\u00f3 que se concrete.<br \/>\nAl tiempo que se desarroll\u00f3 el 4to Festival Clown de San Pedro, organizado por Santiago Gonz\u00e1lez P\u00e9rez, N\u00e9stor S\u00e1nchez y Roberto Gonz\u00e1lez. El encuentro cont\u00f3 con la presencia de elencos de la ciudad de Buenos Aires, Tandil, C\u00f3rdoba y San Pedro. Entre las principales figuras se destacaron la presencia de Guillermo Angelelli, Chacovachi y Makujarrak, Walter Vel\u00e1zquez, Cristina Mart\u00ed, Dar\u00edo Lev\u00edn, Las P\u00e9rez Correa, entre otros.<br \/>\nEl jueves de la semana pasada se dio inicio al evento con la obra \u201cPatriada \u2013 Delirios sobre nuestra Historia\u201d, y hasta ayer se desarrollaron innumerables obras en el MEC La Palma, Teatro Siripo y Sala \u201cCuarta Pared\u201d.<br \/>\nEntre ellas: \u201cAndar Juntos a la Par\u201d (Al Mal Paso), \u201cPayaso Tercermundista\u201d (Chacovachi), \u201cCuidado un payaso malo puede arruinar tu vida\u201d (Chacovachi), \u201cAroma Sepia\u201d (Flor de Clown), Wan Nait (Cristina Marti), Tangolpeando (Circosky),<br \/>\n\u201cUn Chino\u201d (Grupo El Deseo), \u201cAl Carajo Clown\u201d (Grupo D&#038;C y Del Mate),<br \/>\n\u201cAlicia en el Pais de las Maravillas\u201d (Grupo Cuarta Pared San Pedro), \u201cVARIETE\u201d (By Walter Velazquez).<br \/>\nAl tiempo que se desarrollarron talleres a cargo de Marcelo Katz, Chacovachi y Walter Velazquez.<br \/>\nPor otro lado, se llev\u00f3 a cabo la \u201cIII Feria del Libro y del Escritor Sampedrino\u201d, <\/p>\n<p>La apertura se concret\u00f3 el viernes por la ma\u00f1ana con la recepci\u00f3n de alumnos de escuelas primarias. Ese d\u00eda se concret\u00f3 la presentaci\u00f3n de los libros: \u201cS\u00f3lo te hice vientos y eso eres\u201d, de Marina Banegas, \u201cSanta Luc\u00eda, en las d\u00e9cadas del 30, 40 y 50\u201d de Diego Rodr\u00edguez, \u201cBla, bla, bla\u201d de Juan Andr\u00e9s Corval\u00e1n y \u201cSujetos sujetados\u201d de Franco Chiorazo.<br \/>\nAsimismo actu\u00f3 el Coro de la Sociedad Italiana y se present\u00f3 la obra de teatro de Marina Seery.<br \/>\nEl s\u00e1bado se concret\u00f3 la entrega de cuadernillo con microcuentos y micropoes\u00edas de autores sampedrinos, la actuaci\u00f3n de \u201cYuyito pa\u00b4l mate\u201d y Rom\u00e1n Solsona realiz\u00f3 un homenaje a Umberto Eco. Seguidamente se realiz\u00f3 la presentaci\u00f3n del libro \u201cLa vejez \u00bftiene mala prensa?\u201d de Cati Cobas, con la actuaci\u00f3n de Mar\u00eda Antonia Bonet. Y luego se produjo la intervenci\u00f3n de la SADE Baradero-San Pedro y proyecto Clessidra literaria. A su t\u00e9rmino disert\u00f3 el escritor Vicente Battista sobre Literatura Policial y Cr\u00f3nicas Policiales.<br \/>\nLuego actu\u00f3 el Ballet de la Sociedad Italiana y para finalizar An\u00edbal Zabala present\u00f3 su libro \u201cCamin\u00e9 con ellos\u201d. Lo acompa\u00f1aron la Maestra Payadora Susana Repetto y el Payador Emanuel Gabotto.<br \/>\nPor \u00faltimo el domingo, la Sociedad Italiana plant\u00f3 un \u00e1rbol en el Paseo P\u00fablico en homenaje al libro.<br \/>\nY luego por la tarde distintos autores expusieron sus obras: \u201cLa ropa de la bruja Bruna Dellabruma\u201d de Ver\u00f3nica Farabollini, \u201dPescador\u201d, de Gerardo Curi\u00e1 y lectura de poemas por Lidia Rocha. Tambi\u00e9n se hizo los propioo con \u201cVickyrrelatos\u201d de Virginia Gonz\u00e1lez, \u201cLos gritos de tu sombra\u201d de Santiago Leboso, \u201cLa C\u00eda. del T\u00edtere Andante presenta\u2026\u201d, de Luciana Baca,  \u201cLa amistad en los tiempos del cambio clim\u00e1tico\u201d de Mariel Mitidieri y \u201cCuando hay voluntad, hay mil maneras\u201d, de Silvio Velo.<br \/>\nSeguidamente actu\u00f3 el actor y director Daniel Corti, Mar\u00eda D\u00b4 Alessandro brind\u00f3 lecturas en italiano: \u201cPalabras de nostalgia y acordes\u201d y acompa\u00f1amiento musical a cargo de Alejandro Grimoldi y se hizo la entrega de Antolog\u00edas del VII Concurso Literario de Cuentos, Relatos y Poes\u00edas y sorteos.<br \/>\nPor \u00faltimo se proyect\u00f3 la pel\u00edcula \u201cPerfume de mujer\u201d, con Vittorio Gassman y luego Sandra Cort\u00e9s present\u00f3 su lbro en colaboraci\u00f3n con el Instituto Italiano de Cultura de Buenos Aires.<\/p>\n<div data-carousel-extra='{&quot;blog_id&quot;:1,&quot;permalink&quot;:&quot;https:\/\/eldiariodesanpedro.com.ar\/sitio\/exitoso-fin-de-semana-se-desarrollo-la-fiesta-de-las-colectividades-feria-del-libro-y-festival-clown\/&quot;}' id='gallery-1' class='gallery galleryid-8699 gallery-columns-2 gallery-size-large'><figure class='gallery-item'>\n\t\t\t<div class='gallery-icon landscape'>\n\t\t\t\t<a href='https:\/\/eldiariodesanpedro.com.ar\/sitio\/exitoso-fin-de-semana-se-desarrollo-la-fiesta-de-las-colectividades-feria-del-libro-y-festival-clown\/pagina-3-01-30\/'><img decoding=\"async\" width=\"494\" height=\"296\" data-src=\"https:\/\/eldiariodesanpedro.com.ar\/sitio\/wp-content\/uploads\/2016\/10\/PAGINA-3-01.jpg\" class=\"attachment-large size-large lazyload\" alt=\"El Diario de San Pedro | Noticias locales y regionales\" data-srcset=\"https:\/\/eldiariodesanpedro.com.ar\/sitio\/wp-content\/uploads\/2016\/10\/PAGINA-3-01.jpg 494w, https:\/\/eldiariodesanpedro.com.ar\/sitio\/wp-content\/uploads\/2016\/10\/PAGINA-3-01-300x180.jpg 300w\" data-sizes=\"(max-width: 494px) 100vw, 494px\" data-attachment-id=\"8701\" data-permalink=\"https:\/\/eldiariodesanpedro.com.ar\/sitio\/exitoso-fin-de-semana-se-desarrollo-la-fiesta-de-las-colectividades-feria-del-libro-y-festival-clown\/pagina-3-01-30\/\" data-orig-file=\"https:\/\/eldiariodesanpedro.com.ar\/sitio\/wp-content\/uploads\/2016\/10\/PAGINA-3-01.jpg\" data-orig-size=\"494,296\" data-comments-opened=\"1\" data-image-meta=\"{&quot;aperture&quot;:&quot;0&quot;,&quot;credit&quot;:&quot;&quot;,&quot;camera&quot;:&quot;&quot;,&quot;caption&quot;:&quot;&quot;,&quot;created_timestamp&quot;:&quot;0&quot;,&quot;copyright&quot;:&quot;&quot;,&quot;focal_length&quot;:&quot;0&quot;,&quot;iso&quot;:&quot;0&quot;,&quot;shutter_speed&quot;:&quot;0&quot;,&quot;title&quot;:&quot;&quot;,&quot;orientation&quot;:&quot;0&quot;}\" data-image-title=\"pagina-3-01\" data-image-description=\"\" data-image-caption=\"\" data-large-file=\"https:\/\/eldiariodesanpedro.com.ar\/sitio\/wp-content\/uploads\/2016\/10\/PAGINA-3-01.jpg\" src=\"data:image\/svg+xml;base64,PHN2ZyB3aWR0aD0iMSIgaGVpZ2h0PSIxIiB4bWxucz0iaHR0cDovL3d3dy53My5vcmcvMjAwMC9zdmciPjwvc3ZnPg==\" style=\"--smush-placeholder-width: 494px; --smush-placeholder-aspect-ratio: 494\/296;\" \/><\/a>\n\t\t\t<\/div><\/figure><figure class='gallery-item'>\n\t\t\t<div class='gallery-icon landscape'>\n\t\t\t\t<a href='https:\/\/eldiariodesanpedro.com.ar\/sitio\/exitoso-fin-de-semana-se-desarrollo-la-fiesta-de-las-colectividades-feria-del-libro-y-festival-clown\/pagina-3-02-30\/'><img decoding=\"async\" width=\"640\" height=\"427\" data-src=\"https:\/\/eldiariodesanpedro.com.ar\/sitio\/wp-content\/uploads\/2016\/10\/PAGINA-3-02-1.jpg\" class=\"attachment-large size-large lazyload\" alt=\"El Diario de San Pedro | Noticias locales y regionales\" data-srcset=\"https:\/\/eldiariodesanpedro.com.ar\/sitio\/wp-content\/uploads\/2016\/10\/PAGINA-3-02-1.jpg 900w, https:\/\/eldiariodesanpedro.com.ar\/sitio\/wp-content\/uploads\/2016\/10\/PAGINA-3-02-1-300x200.jpg 300w, https:\/\/eldiariodesanpedro.com.ar\/sitio\/wp-content\/uploads\/2016\/10\/PAGINA-3-02-1-768x512.jpg 768w\" data-sizes=\"(max-width: 640px) 100vw, 640px\" data-attachment-id=\"8702\" data-permalink=\"https:\/\/eldiariodesanpedro.com.ar\/sitio\/exitoso-fin-de-semana-se-desarrollo-la-fiesta-de-las-colectividades-feria-del-libro-y-festival-clown\/pagina-3-02-30\/\" data-orig-file=\"https:\/\/eldiariodesanpedro.com.ar\/sitio\/wp-content\/uploads\/2016\/10\/PAGINA-3-02-1.jpg\" data-orig-size=\"900,600\" data-comments-opened=\"1\" data-image-meta=\"{&quot;aperture&quot;:&quot;4&quot;,&quot;credit&quot;:&quot;&quot;,&quot;camera&quot;:&quot;Canon EOS 1100D&quot;,&quot;caption&quot;:&quot;&quot;,&quot;created_timestamp&quot;:&quot;1373439360&quot;,&quot;copyright&quot;:&quot;&quot;,&quot;focal_length&quot;:&quot;28&quot;,&quot;iso&quot;:&quot;800&quot;,&quot;shutter_speed&quot;:&quot;0.025&quot;,&quot;title&quot;:&quot;&quot;,&quot;orientation&quot;:&quot;1&quot;}\" data-image-title=\"pagina-3-02\" data-image-description=\"\" data-image-caption=\"\" data-large-file=\"https:\/\/eldiariodesanpedro.com.ar\/sitio\/wp-content\/uploads\/2016\/10\/PAGINA-3-02-1.jpg\" src=\"data:image\/svg+xml;base64,PHN2ZyB3aWR0aD0iMSIgaGVpZ2h0PSIxIiB4bWxucz0iaHR0cDovL3d3dy53My5vcmcvMjAwMC9zdmciPjwvc3ZnPg==\" style=\"--smush-placeholder-width: 640px; --smush-placeholder-aspect-ratio: 640\/427;\" \/><\/a>\n\t\t\t<\/div><\/figure>\n\t\t<\/div>\n\n","protected":false},"excerpt":{"rendered":"<p>Fue un fin de semana cargado de evento, sobre todo los d\u00edas s\u00e1bado y domingo, que el tiempo permiti\u00f3 que se desarrollar\u00e1 la Fiesta de las Colectividades en el Paseo P\u00fablico. La jornada del domingo, sampedrino y visitantes se volcaron en forma masiva al evento que no tuvo la participaci\u00f3n de las gran cantidad de [&hellip;]<\/p>\n","protected":false},"author":4,"featured_media":8704,"comment_status":"open","ping_status":"closed","sticky":false,"template":"","format":"standard","meta":{"om_disable_all_campaigns":false,"_jetpack_memberships_contains_paid_content":false,"footnotes":""},"categories":[50,101,2],"tags":[],"class_list":["post-8699","post","type-post","status-publish","format-standard","has-post-thumbnail","hentry","category-destacadas","category-interes-general-locales","category-locales"],"aioseo_notices":[],"gutentor_comment":0,"jetpack_featured_media_url":"https:\/\/eldiariodesanpedro.com.ar\/sitio\/wp-content\/uploads\/2016\/10\/Sin-t\u00edtulo-1.jpg","jetpack_shortlink":"https:\/\/wp.me\/p6RhLt-2gj","jetpack_sharing_enabled":true,"_links":{"self":[{"href":"https:\/\/eldiariodesanpedro.com.ar\/sitio\/wp-json\/wp\/v2\/posts\/8699","targetHints":{"allow":["GET"]}}],"collection":[{"href":"https:\/\/eldiariodesanpedro.com.ar\/sitio\/wp-json\/wp\/v2\/posts"}],"about":[{"href":"https:\/\/eldiariodesanpedro.com.ar\/sitio\/wp-json\/wp\/v2\/types\/post"}],"author":[{"embeddable":true,"href":"https:\/\/eldiariodesanpedro.com.ar\/sitio\/wp-json\/wp\/v2\/users\/4"}],"replies":[{"embeddable":true,"href":"https:\/\/eldiariodesanpedro.com.ar\/sitio\/wp-json\/wp\/v2\/comments?post=8699"}],"version-history":[{"count":3,"href":"https:\/\/eldiariodesanpedro.com.ar\/sitio\/wp-json\/wp\/v2\/posts\/8699\/revisions"}],"predecessor-version":[{"id":8706,"href":"https:\/\/eldiariodesanpedro.com.ar\/sitio\/wp-json\/wp\/v2\/posts\/8699\/revisions\/8706"}],"wp:featuredmedia":[{"embeddable":true,"href":"https:\/\/eldiariodesanpedro.com.ar\/sitio\/wp-json\/wp\/v2\/media\/8704"}],"wp:attachment":[{"href":"https:\/\/eldiariodesanpedro.com.ar\/sitio\/wp-json\/wp\/v2\/media?parent=8699"}],"wp:term":[{"taxonomy":"category","embeddable":true,"href":"https:\/\/eldiariodesanpedro.com.ar\/sitio\/wp-json\/wp\/v2\/categories?post=8699"},{"taxonomy":"post_tag","embeddable":true,"href":"https:\/\/eldiariodesanpedro.com.ar\/sitio\/wp-json\/wp\/v2\/tags?post=8699"}],"curies":[{"name":"wp","href":"https:\/\/api.w.org\/{rel}","templated":true}]}}