{"id":86987,"date":"2021-02-03T11:31:46","date_gmt":"2021-02-03T14:31:46","guid":{"rendered":"https:\/\/eldiariodesanpedro.com.ar\/sitio\/?p=86987"},"modified":"2021-02-03T11:31:51","modified_gmt":"2021-02-03T14:31:51","slug":"este-miercoles-comenzo-el-descuento-en-carnes-acordado-por-el-gobierno","status":"publish","type":"post","link":"https:\/\/eldiariodesanpedro.com.ar\/sitio\/este-miercoles-comenzo-el-descuento-en-carnes-acordado-por-el-gobierno\/","title":{"rendered":"Este mi\u00e9rcoles comenz\u00f3 el descuento en carnes acordado por el gobierno"},"content":{"rendered":"<!-- VideographyWP Plugin Message: Automatic video embedding prevented by plugin options. -->\n\n<p>Desde este mi\u00e9rcoles los consumidores podr\u00e1n conseguir los diez cortes de\u00a0carne\u00a0anunciados a precios m\u00e1s econ\u00f3micos en\u00a0<strong>unos 1.600 puntos de venta<\/strong>, ya que comenz\u00f3 a regir\u00a0el acuerdo que alcanz\u00f3 el gobierno con las empresas del sector\u00a0para ofrecer estos productos con descuento en d\u00edas espec\u00edficos.<\/p>\n\n\n\n<p>En nuestra ciudad se pudo adquirir los mismo en los supermercados Vea y Dia, como esta acordado con el gobierno pero lamentablemente r\u00e1pidamente  varios de los cortes fueron agotados teniendo en cuenta que solo se realizara con una cantidad limitada.<\/p>\n\n\n\n<p>La oferta regir\u00e1 durante los primeros tres mi\u00e9rcoles de cada mes y fines de semana e inicialmente ser\u00e1n comercializados en supermercados com<strong>o Coto, Jumbo, Plaza Vea, Disco, Carrefour, Walmart, La An\u00f3nima, D\u00eda %, Libertad y Carnicer\u00edas Friar.<\/strong>&nbsp;Mientras tanto, el viernes empezar\u00e1n a ser comercializados en el Mercado Central, lugar en el que los consumidores los encontrar\u00e1n todos los d\u00edas.<\/p>\n\n\n\n<p>La medida hab\u00eda sido anunciada la semana pasada durante una conferencia de prensa en la Casa Rosada encabezada por el ministro de Desarrollo Productivo, Mat\u00edas Kulfas, junto a su par de Agricultura, Luis Basterra, luego de que el presidente&nbsp;Alberto Fern\u00e1ndez&nbsp;recibiera al sector empresarial, con el que lleg\u00f3 a este arreglo.<\/p>\n\n\n\n<p>El acuerdo se cerr\u00f3 con los exportadores de ABC (principal proveedor del canal supermercados), las c\u00e1maras CADIF, FIFRA, UNICA, y los supermercados agrupados en ASU (Asociaci\u00f3n Argentina de Supermercados)\u201d.<\/p>\n\n\n\n<p><strong>Los cortes de carne que se vender\u00e1n con descuento<\/strong><br>-Tira de asado: $399 (-29%).<br>-Vac\u00edo: $499 (-20%).<br>-Matambre: $549 (-13%).<br>-Tapa de asado: $429 (-15%).<br>-Cuadrada\/bola de lomo: $489 (-13%).<br>-Carnaza: $359 (-13%).<br>-Falda: $229 (-30%).<br>-Roastbeef: $399 (-12%).<br>-A este acuerdo se le agregan carne picada ($265) y espinazo ($110), vigentes en Precios Cuidados, totalizando 10 cortes.<\/p>\n\n\n\n<p><strong>Los descuentos podr\u00edan extenderse a frutas y verduras<\/strong><br>El ministro de Desarrollo Productivo, Mat\u00edas KulfasKulfas adelant\u00f3 que\u00a0<strong>se trabaja en lograr un acuerdo similar pero con productores de frutas y verduras<\/strong>, aunque aclar\u00f3 que en este caso hay una atomizaci\u00f3n que dificulta la situaci\u00f3n. Es que existen \u201cmuchos peque\u00f1os productores que son los que abastecen buena parte de las frutas y verduras que llegan a las verduler\u00edas\u201d, y agreg\u00f3 que \u201cluego est\u00e1n las verduler\u00edas de barrio que son peque\u00f1os comercios y en el medio, mercados concentradores\u201d.<\/p>\n","protected":false},"excerpt":{"rendered":"<p>Desde este mi\u00e9rcoles los consumidores podr\u00e1n conseguir los diez cortes de\u00a0carne\u00a0anunciados a precios m\u00e1s econ\u00f3micos en\u00a0unos 1.600 puntos de venta, ya que comenz\u00f3 a regir\u00a0el acuerdo que alcanz\u00f3 el gobierno con las empresas del sector\u00a0para ofrecer estos productos con descuento en d\u00edas espec\u00edficos. En nuestra ciudad se pudo adquirir los mismo en los supermercados Vea [&hellip;]<\/p>\n","protected":false},"author":4,"featured_media":86988,"comment_status":"open","ping_status":"closed","sticky":false,"template":"","format":"standard","meta":{"om_disable_all_campaigns":false,"_jetpack_memberships_contains_paid_content":false,"footnotes":""},"categories":[101,2],"tags":[],"class_list":["post-86987","post","type-post","status-publish","format-standard","has-post-thumbnail","hentry","category-interes-general-locales","category-locales"],"aioseo_notices":[],"gutentor_comment":0,"jetpack_featured_media_url":"https:\/\/eldiariodesanpedro.com.ar\/sitio\/wp-content\/uploads\/2021\/02\/DECARNESOMOS06-1024x683-1.jpg","jetpack_shortlink":"https:\/\/wp.me\/p6RhLt-mD1","jetpack_sharing_enabled":true,"_links":{"self":[{"href":"https:\/\/eldiariodesanpedro.com.ar\/sitio\/wp-json\/wp\/v2\/posts\/86987","targetHints":{"allow":["GET"]}}],"collection":[{"href":"https:\/\/eldiariodesanpedro.com.ar\/sitio\/wp-json\/wp\/v2\/posts"}],"about":[{"href":"https:\/\/eldiariodesanpedro.com.ar\/sitio\/wp-json\/wp\/v2\/types\/post"}],"author":[{"embeddable":true,"href":"https:\/\/eldiariodesanpedro.com.ar\/sitio\/wp-json\/wp\/v2\/users\/4"}],"replies":[{"embeddable":true,"href":"https:\/\/eldiariodesanpedro.com.ar\/sitio\/wp-json\/wp\/v2\/comments?post=86987"}],"version-history":[{"count":1,"href":"https:\/\/eldiariodesanpedro.com.ar\/sitio\/wp-json\/wp\/v2\/posts\/86987\/revisions"}],"predecessor-version":[{"id":86989,"href":"https:\/\/eldiariodesanpedro.com.ar\/sitio\/wp-json\/wp\/v2\/posts\/86987\/revisions\/86989"}],"wp:featuredmedia":[{"embeddable":true,"href":"https:\/\/eldiariodesanpedro.com.ar\/sitio\/wp-json\/wp\/v2\/media\/86988"}],"wp:attachment":[{"href":"https:\/\/eldiariodesanpedro.com.ar\/sitio\/wp-json\/wp\/v2\/media?parent=86987"}],"wp:term":[{"taxonomy":"category","embeddable":true,"href":"https:\/\/eldiariodesanpedro.com.ar\/sitio\/wp-json\/wp\/v2\/categories?post=86987"},{"taxonomy":"post_tag","embeddable":true,"href":"https:\/\/eldiariodesanpedro.com.ar\/sitio\/wp-json\/wp\/v2\/tags?post=86987"}],"curies":[{"name":"wp","href":"https:\/\/api.w.org\/{rel}","templated":true}]}}