{"id":86985,"date":"2021-02-03T11:22:15","date_gmt":"2021-02-03T14:22:15","guid":{"rendered":"https:\/\/eldiariodesanpedro.com.ar\/sitio\/?p=86985"},"modified":"2021-02-03T11:22:17","modified_gmt":"2021-02-03T14:22:17","slug":"denuncia-por-robo-de-herramientas-en-una-obra","status":"publish","type":"post","link":"https:\/\/eldiariodesanpedro.com.ar\/sitio\/denuncia-por-robo-de-herramientas-en-una-obra\/","title":{"rendered":"Denuncia por robo de herramientas en una obra"},"content":{"rendered":"<!-- VideographyWP Plugin Message: Automatic video embedding prevented by plugin options. -->\n\n<p>En la jornada del martes se recibi\u00f3 una denuncia en la comisar\u00eda local por parte del propietario de una casa en construcci\u00f3n donde autores ignorados se llevaron varias herramientas.<\/p>\n\n\n\n<p>El hecho ocurri\u00f3 en la madrugada del martes cuando en una obra en construcci\u00f3n ubicada en calle 24 de Febrero al 3000 ingresaron tras forzar un acceso y se llevaron un motor de maquina hormigonera y herramientas de mano.<\/p>\n\n\n\n<p>En las primeras horas del d\u00eda cuando los alba\u00f1iles se hacen presentes para trabajar descubren el faltante.<\/p>\n","protected":false},"excerpt":{"rendered":"<p>En la jornada del martes se recibi\u00f3 una denuncia en la comisar\u00eda local por parte del propietario de una casa en construcci\u00f3n donde autores ignorados se llevaron varias herramientas. El hecho ocurri\u00f3 en la madrugada del martes cuando en una obra en construcci\u00f3n ubicada en calle 24 de Febrero al 3000 ingresaron tras forzar un [&hellip;]<\/p>\n","protected":false},"author":4,"featured_media":45394,"comment_status":"open","ping_status":"closed","sticky":false,"template":"","format":"standard","meta":{"om_disable_all_campaigns":false,"_jetpack_memberships_contains_paid_content":false,"footnotes":""},"categories":[2,103],"tags":[],"class_list":["post-86985","post","type-post","status-publish","format-standard","has-post-thumbnail","hentry","category-locales","category-policiales-locales"],"aioseo_notices":[],"gutentor_comment":0,"jetpack_featured_media_url":"https:\/\/eldiariodesanpedro.com.ar\/sitio\/wp-content\/uploads\/2019\/01\/comisaria.jpg","jetpack_shortlink":"https:\/\/wp.me\/p6RhLt-mCZ","jetpack_sharing_enabled":true,"_links":{"self":[{"href":"https:\/\/eldiariodesanpedro.com.ar\/sitio\/wp-json\/wp\/v2\/posts\/86985","targetHints":{"allow":["GET"]}}],"collection":[{"href":"https:\/\/eldiariodesanpedro.com.ar\/sitio\/wp-json\/wp\/v2\/posts"}],"about":[{"href":"https:\/\/eldiariodesanpedro.com.ar\/sitio\/wp-json\/wp\/v2\/types\/post"}],"author":[{"embeddable":true,"href":"https:\/\/eldiariodesanpedro.com.ar\/sitio\/wp-json\/wp\/v2\/users\/4"}],"replies":[{"embeddable":true,"href":"https:\/\/eldiariodesanpedro.com.ar\/sitio\/wp-json\/wp\/v2\/comments?post=86985"}],"version-history":[{"count":1,"href":"https:\/\/eldiariodesanpedro.com.ar\/sitio\/wp-json\/wp\/v2\/posts\/86985\/revisions"}],"predecessor-version":[{"id":86986,"href":"https:\/\/eldiariodesanpedro.com.ar\/sitio\/wp-json\/wp\/v2\/posts\/86985\/revisions\/86986"}],"wp:featuredmedia":[{"embeddable":true,"href":"https:\/\/eldiariodesanpedro.com.ar\/sitio\/wp-json\/wp\/v2\/media\/45394"}],"wp:attachment":[{"href":"https:\/\/eldiariodesanpedro.com.ar\/sitio\/wp-json\/wp\/v2\/media?parent=86985"}],"wp:term":[{"taxonomy":"category","embeddable":true,"href":"https:\/\/eldiariodesanpedro.com.ar\/sitio\/wp-json\/wp\/v2\/categories?post=86985"},{"taxonomy":"post_tag","embeddable":true,"href":"https:\/\/eldiariodesanpedro.com.ar\/sitio\/wp-json\/wp\/v2\/tags?post=86985"}],"curies":[{"name":"wp","href":"https:\/\/api.w.org\/{rel}","templated":true}]}}