{"id":86982,"date":"2021-02-03T11:16:03","date_gmt":"2021-02-03T14:16:03","guid":{"rendered":"https:\/\/eldiariodesanpedro.com.ar\/sitio\/?p=86982"},"modified":"2021-02-03T11:16:07","modified_gmt":"2021-02-03T14:16:07","slug":"continuan-los-danos-y-vandalismo-en-el-cementerio-local","status":"publish","type":"post","link":"https:\/\/eldiariodesanpedro.com.ar\/sitio\/continuan-los-danos-y-vandalismo-en-el-cementerio-local\/","title":{"rendered":"Contin\u00faan los da\u00f1os y vandalismo en el cementerio local"},"content":{"rendered":"<!-- VideographyWP Plugin Message: Automatic video embedding prevented by plugin options. -->\n\n<p>En la jornada de ayer el encargado del cuidado del cementerio local realiz\u00f3 una denuncia en la comisar\u00eda local por el da\u00f1o de m\u00e1s de 30 b\u00f3vedas.<\/p>\n\n\n\n<p>Este martes por la ma\u00f1ana se reintegr\u00f3 a sus funciones Americo \u201cCacho\u201d&nbsp; Quintana quien se encuentra a cargo del cementerio local y tras varios d\u00edas de estar en su domicilio por haber tenido coronavirus volvi\u00f3 a sus funciones, y en su primer d\u00eda pudo detectar que m\u00e1s de 30 b\u00f3vedas fueron da\u00f1adas.<\/p>\n\n\n\n<p>Teniendo en cuenta lo sucedido realiz\u00f3 la correspondiente denuncia en la comisar\u00eda local.<\/p>\n","protected":false},"excerpt":{"rendered":"<p>En la jornada de ayer el encargado del cuidado del cementerio local realiz\u00f3 una denuncia en la comisar\u00eda local por el da\u00f1o de m\u00e1s de 30 b\u00f3vedas. Este martes por la ma\u00f1ana se reintegr\u00f3 a sus funciones Americo \u201cCacho\u201d&nbsp; Quintana quien se encuentra a cargo del cementerio local y tras varios d\u00edas de estar en [&hellip;]<\/p>\n","protected":false},"author":4,"featured_media":86983,"comment_status":"open","ping_status":"closed","sticky":false,"template":"","format":"standard","meta":{"om_disable_all_campaigns":false,"_jetpack_memberships_contains_paid_content":false,"footnotes":""},"categories":[2,103],"tags":[],"class_list":["post-86982","post","type-post","status-publish","format-standard","has-post-thumbnail","hentry","category-locales","category-policiales-locales"],"aioseo_notices":[],"gutentor_comment":0,"jetpack_featured_media_url":"https:\/\/eldiariodesanpedro.com.ar\/sitio\/wp-content\/uploads\/2021\/02\/rkymtGQ5l_1256x620.jpg","jetpack_shortlink":"https:\/\/wp.me\/p6RhLt-mCW","jetpack_sharing_enabled":true,"_links":{"self":[{"href":"https:\/\/eldiariodesanpedro.com.ar\/sitio\/wp-json\/wp\/v2\/posts\/86982","targetHints":{"allow":["GET"]}}],"collection":[{"href":"https:\/\/eldiariodesanpedro.com.ar\/sitio\/wp-json\/wp\/v2\/posts"}],"about":[{"href":"https:\/\/eldiariodesanpedro.com.ar\/sitio\/wp-json\/wp\/v2\/types\/post"}],"author":[{"embeddable":true,"href":"https:\/\/eldiariodesanpedro.com.ar\/sitio\/wp-json\/wp\/v2\/users\/4"}],"replies":[{"embeddable":true,"href":"https:\/\/eldiariodesanpedro.com.ar\/sitio\/wp-json\/wp\/v2\/comments?post=86982"}],"version-history":[{"count":1,"href":"https:\/\/eldiariodesanpedro.com.ar\/sitio\/wp-json\/wp\/v2\/posts\/86982\/revisions"}],"predecessor-version":[{"id":86984,"href":"https:\/\/eldiariodesanpedro.com.ar\/sitio\/wp-json\/wp\/v2\/posts\/86982\/revisions\/86984"}],"wp:featuredmedia":[{"embeddable":true,"href":"https:\/\/eldiariodesanpedro.com.ar\/sitio\/wp-json\/wp\/v2\/media\/86983"}],"wp:attachment":[{"href":"https:\/\/eldiariodesanpedro.com.ar\/sitio\/wp-json\/wp\/v2\/media?parent=86982"}],"wp:term":[{"taxonomy":"category","embeddable":true,"href":"https:\/\/eldiariodesanpedro.com.ar\/sitio\/wp-json\/wp\/v2\/categories?post=86982"},{"taxonomy":"post_tag","embeddable":true,"href":"https:\/\/eldiariodesanpedro.com.ar\/sitio\/wp-json\/wp\/v2\/tags?post=86982"}],"curies":[{"name":"wp","href":"https:\/\/api.w.org\/{rel}","templated":true}]}}