{"id":86980,"date":"2021-02-03T11:08:50","date_gmt":"2021-02-03T14:08:50","guid":{"rendered":"https:\/\/eldiariodesanpedro.com.ar\/sitio\/?p=86980"},"modified":"2021-02-03T11:08:53","modified_gmt":"2021-02-03T14:08:53","slug":"un-aprehendido-en-estado-de-ebriedad-y-con-un-arma-blanca","status":"publish","type":"post","link":"https:\/\/eldiariodesanpedro.com.ar\/sitio\/un-aprehendido-en-estado-de-ebriedad-y-con-un-arma-blanca\/","title":{"rendered":"Un aprehendido en estado de ebriedad y con un arma blanca"},"content":{"rendered":"<!-- VideographyWP Plugin Message: Automatic video embedding prevented by plugin options. -->\n\n<p>En la jornada de ayer por la noche el personal policial de nuestra ciudad se hace presente en calle Belgrano y Martin Fierro donde realiza la aprehensi\u00f3n de un ciudadano de 34 a\u00f1os de edad quien se encontraba en la v\u00eda p\u00fablica ocasionando disturbios y al realizar el correspondiente cacheo se pudo detectar entre sus prendas un arma blanca tipo cuchillo.<\/p>\n\n\n\n<p>El sujeto fue trasladado a la comisar\u00eda local donde se realizan las correspondientes actuaciones informando de las causa y su posterior libertad.<\/p>\n","protected":false},"excerpt":{"rendered":"<p>En la jornada de ayer por la noche el personal policial de nuestra ciudad se hace presente en calle Belgrano y Martin Fierro donde realiza la aprehensi\u00f3n de un ciudadano de 34 a\u00f1os de edad quien se encontraba en la v\u00eda p\u00fablica ocasionando disturbios y al realizar el correspondiente cacheo se pudo detectar entre sus [&hellip;]<\/p>\n","protected":false},"author":4,"featured_media":80172,"comment_status":"open","ping_status":"closed","sticky":false,"template":"","format":"standard","meta":{"om_disable_all_campaigns":false,"_jetpack_memberships_contains_paid_content":false,"footnotes":""},"categories":[2,103],"tags":[],"class_list":["post-86980","post","type-post","status-publish","format-standard","has-post-thumbnail","hentry","category-locales","category-policiales-locales"],"aioseo_notices":[],"gutentor_comment":0,"jetpack_featured_media_url":"https:\/\/eldiariodesanpedro.com.ar\/sitio\/wp-content\/uploads\/2020\/08\/lvp.lvp_.img_nv000592.jpg","jetpack_shortlink":"https:\/\/wp.me\/p6RhLt-mCU","jetpack_sharing_enabled":true,"_links":{"self":[{"href":"https:\/\/eldiariodesanpedro.com.ar\/sitio\/wp-json\/wp\/v2\/posts\/86980","targetHints":{"allow":["GET"]}}],"collection":[{"href":"https:\/\/eldiariodesanpedro.com.ar\/sitio\/wp-json\/wp\/v2\/posts"}],"about":[{"href":"https:\/\/eldiariodesanpedro.com.ar\/sitio\/wp-json\/wp\/v2\/types\/post"}],"author":[{"embeddable":true,"href":"https:\/\/eldiariodesanpedro.com.ar\/sitio\/wp-json\/wp\/v2\/users\/4"}],"replies":[{"embeddable":true,"href":"https:\/\/eldiariodesanpedro.com.ar\/sitio\/wp-json\/wp\/v2\/comments?post=86980"}],"version-history":[{"count":1,"href":"https:\/\/eldiariodesanpedro.com.ar\/sitio\/wp-json\/wp\/v2\/posts\/86980\/revisions"}],"predecessor-version":[{"id":86981,"href":"https:\/\/eldiariodesanpedro.com.ar\/sitio\/wp-json\/wp\/v2\/posts\/86980\/revisions\/86981"}],"wp:featuredmedia":[{"embeddable":true,"href":"https:\/\/eldiariodesanpedro.com.ar\/sitio\/wp-json\/wp\/v2\/media\/80172"}],"wp:attachment":[{"href":"https:\/\/eldiariodesanpedro.com.ar\/sitio\/wp-json\/wp\/v2\/media?parent=86980"}],"wp:term":[{"taxonomy":"category","embeddable":true,"href":"https:\/\/eldiariodesanpedro.com.ar\/sitio\/wp-json\/wp\/v2\/categories?post=86980"},{"taxonomy":"post_tag","embeddable":true,"href":"https:\/\/eldiariodesanpedro.com.ar\/sitio\/wp-json\/wp\/v2\/tags?post=86980"}],"curies":[{"name":"wp","href":"https:\/\/api.w.org\/{rel}","templated":true}]}}