{"id":86977,"date":"2021-02-03T10:59:56","date_gmt":"2021-02-03T13:59:56","guid":{"rendered":"https:\/\/eldiariodesanpedro.com.ar\/sitio\/?p=86977"},"modified":"2021-02-03T11:00:01","modified_gmt":"2021-02-03T14:00:01","slug":"secuestran-un-automovil-que-su-conductor-se-encontraba-alcoholizado","status":"publish","type":"post","link":"https:\/\/eldiariodesanpedro.com.ar\/sitio\/secuestran-un-automovil-que-su-conductor-se-encontraba-alcoholizado\/","title":{"rendered":"Secuestran un autom\u00f3vil que su conductor se encontraba alcoholizado"},"content":{"rendered":"<!-- VideographyWP Plugin Message: Automatic video embedding prevented by plugin options. -->\n\n<p>Un autom\u00f3vil Volkswagen Pointer color bordo fue secuestrado este martes por parte de efectivos polic\u00edas tras recibir la denuncia de un hombre que lo manejaba arriesgadamente. <\/p>\n\n\n\n<p>El personal policial perteneciente al destacamento de Gobernador Castro se hace presente en calle Batalla\u00a0 S\/ N\u00b0 Paraje Vuelta de Obligado aprehenden a masculino de 61 a\u00f1os, quien se encontraba conduciendo en aparente estado de ebriedad\u00a0su autom\u00f3vil realizando maniobras, resisti\u00e9ndose y no acatando las \u00f3rdenes de efectivos policiales.<\/p>\n","protected":false},"excerpt":{"rendered":"<p>Un autom\u00f3vil Volkswagen Pointer color bordo fue secuestrado este martes por parte de efectivos polic\u00edas tras recibir la denuncia de un hombre que lo manejaba arriesgadamente. El personal policial perteneciente al destacamento de Gobernador Castro se hace presente en calle Batalla\u00a0 S\/ N\u00b0 Paraje Vuelta de Obligado aprehenden a masculino de 61 a\u00f1os, quien se [&hellip;]<\/p>\n","protected":false},"author":4,"featured_media":86978,"comment_status":"open","ping_status":"closed","sticky":false,"template":"","format":"standard","meta":{"om_disable_all_campaigns":false,"_jetpack_memberships_contains_paid_content":false,"footnotes":""},"categories":[2,103],"tags":[],"class_list":["post-86977","post","type-post","status-publish","format-standard","has-post-thumbnail","hentry","category-locales","category-policiales-locales"],"aioseo_notices":[],"gutentor_comment":0,"jetpack_featured_media_url":"https:\/\/eldiariodesanpedro.com.ar\/sitio\/wp-content\/uploads\/2021\/02\/auto-secuestrado-vuelta-de-obligado-ebriedad.jpg","jetpack_shortlink":"https:\/\/wp.me\/p6RhLt-mCR","jetpack_sharing_enabled":true,"_links":{"self":[{"href":"https:\/\/eldiariodesanpedro.com.ar\/sitio\/wp-json\/wp\/v2\/posts\/86977","targetHints":{"allow":["GET"]}}],"collection":[{"href":"https:\/\/eldiariodesanpedro.com.ar\/sitio\/wp-json\/wp\/v2\/posts"}],"about":[{"href":"https:\/\/eldiariodesanpedro.com.ar\/sitio\/wp-json\/wp\/v2\/types\/post"}],"author":[{"embeddable":true,"href":"https:\/\/eldiariodesanpedro.com.ar\/sitio\/wp-json\/wp\/v2\/users\/4"}],"replies":[{"embeddable":true,"href":"https:\/\/eldiariodesanpedro.com.ar\/sitio\/wp-json\/wp\/v2\/comments?post=86977"}],"version-history":[{"count":1,"href":"https:\/\/eldiariodesanpedro.com.ar\/sitio\/wp-json\/wp\/v2\/posts\/86977\/revisions"}],"predecessor-version":[{"id":86979,"href":"https:\/\/eldiariodesanpedro.com.ar\/sitio\/wp-json\/wp\/v2\/posts\/86977\/revisions\/86979"}],"wp:featuredmedia":[{"embeddable":true,"href":"https:\/\/eldiariodesanpedro.com.ar\/sitio\/wp-json\/wp\/v2\/media\/86978"}],"wp:attachment":[{"href":"https:\/\/eldiariodesanpedro.com.ar\/sitio\/wp-json\/wp\/v2\/media?parent=86977"}],"wp:term":[{"taxonomy":"category","embeddable":true,"href":"https:\/\/eldiariodesanpedro.com.ar\/sitio\/wp-json\/wp\/v2\/categories?post=86977"},{"taxonomy":"post_tag","embeddable":true,"href":"https:\/\/eldiariodesanpedro.com.ar\/sitio\/wp-json\/wp\/v2\/tags?post=86977"}],"curies":[{"name":"wp","href":"https:\/\/api.w.org\/{rel}","templated":true}]}}