{"id":86974,"date":"2021-02-03T10:52:44","date_gmt":"2021-02-03T13:52:44","guid":{"rendered":"https:\/\/eldiariodesanpedro.com.ar\/sitio\/?p=86974"},"modified":"2021-02-03T10:52:48","modified_gmt":"2021-02-03T13:52:48","slug":"la-causa-de-nicolas-castillo-es-archivada-y-el-crimen-quedara-impune","status":"publish","type":"post","link":"https:\/\/eldiariodesanpedro.com.ar\/sitio\/la-causa-de-nicolas-castillo-es-archivada-y-el-crimen-quedara-impune\/","title":{"rendered":"La causa de Nicol\u00e1s Castillo es archivada y el crimen quedara impune"},"content":{"rendered":"<!-- VideographyWP Plugin Message: Automatic video embedding prevented by plugin options. -->\n\n<p>El propio letrado hab\u00eda asegurado que anhelaba llegar a la verdad pero finalmente cerr\u00f3 la causa sin poder establecer qui\u00e9n mat\u00f3 al joven de 20 a\u00f1os.<\/p>\n\n\n\n<p>Apunto de cumplirse 7 a\u00f1os de su aparici\u00f3n sin vida el fiscal Marcelo Manso archiv\u00f3 la causa en la que se investig\u00f3 la muerte de Nicol\u00e1s Castillo.<\/p>\n\n\n\n<p>El titular de la Ufi 7 hab\u00eda se\u00f1alado que esclarecer el caso era su objetivo pero no logr\u00f3 establecerlo m\u00e1s all\u00e1 de que siempre tuvo sus sospechas en torno a los supuestos responsables del hecho.<\/p>\n\n\n\n<p>Nicol\u00e1s Castillo fue visto por \u00faltima vez el 12 de enero de 2015, tres d\u00edas despu\u00e9s su familia radic\u00f3 la denuncia y a partir de all\u00ed se inici\u00f3 una b\u00fasqueda que result\u00f3 infructuosa.<\/p>\n\n\n\n<p>As\u00ed hasta el 16 de febrero que el cuerpo de Nicol\u00e1s Castillo fue divisado por un grupo de pescadores en cercan\u00edas del r\u00edo Arrecifes en R\u00edo Tala. &nbsp;<\/p>\n","protected":false},"excerpt":{"rendered":"<p>El propio letrado hab\u00eda asegurado que anhelaba llegar a la verdad pero finalmente cerr\u00f3 la causa sin poder establecer qui\u00e9n mat\u00f3 al joven de 20 a\u00f1os. Apunto de cumplirse 7 a\u00f1os de su aparici\u00f3n sin vida el fiscal Marcelo Manso archiv\u00f3 la causa en la que se investig\u00f3 la muerte de Nicol\u00e1s Castillo. El titular [&hellip;]<\/p>\n","protected":false},"author":4,"featured_media":86975,"comment_status":"open","ping_status":"closed","sticky":false,"template":"","format":"standard","meta":{"om_disable_all_campaigns":false,"_jetpack_memberships_contains_paid_content":false,"footnotes":""},"categories":[50,101,2],"tags":[],"class_list":["post-86974","post","type-post","status-publish","format-standard","has-post-thumbnail","hentry","category-destacadas","category-interes-general-locales","category-locales"],"aioseo_notices":[],"gutentor_comment":0,"jetpack_featured_media_url":"https:\/\/eldiariodesanpedro.com.ar\/sitio\/wp-content\/uploads\/2021\/02\/nicolas_castillo_2_7.jpg","jetpack_shortlink":"https:\/\/wp.me\/p6RhLt-mCO","jetpack_sharing_enabled":true,"_links":{"self":[{"href":"https:\/\/eldiariodesanpedro.com.ar\/sitio\/wp-json\/wp\/v2\/posts\/86974","targetHints":{"allow":["GET"]}}],"collection":[{"href":"https:\/\/eldiariodesanpedro.com.ar\/sitio\/wp-json\/wp\/v2\/posts"}],"about":[{"href":"https:\/\/eldiariodesanpedro.com.ar\/sitio\/wp-json\/wp\/v2\/types\/post"}],"author":[{"embeddable":true,"href":"https:\/\/eldiariodesanpedro.com.ar\/sitio\/wp-json\/wp\/v2\/users\/4"}],"replies":[{"embeddable":true,"href":"https:\/\/eldiariodesanpedro.com.ar\/sitio\/wp-json\/wp\/v2\/comments?post=86974"}],"version-history":[{"count":1,"href":"https:\/\/eldiariodesanpedro.com.ar\/sitio\/wp-json\/wp\/v2\/posts\/86974\/revisions"}],"predecessor-version":[{"id":86976,"href":"https:\/\/eldiariodesanpedro.com.ar\/sitio\/wp-json\/wp\/v2\/posts\/86974\/revisions\/86976"}],"wp:featuredmedia":[{"embeddable":true,"href":"https:\/\/eldiariodesanpedro.com.ar\/sitio\/wp-json\/wp\/v2\/media\/86975"}],"wp:attachment":[{"href":"https:\/\/eldiariodesanpedro.com.ar\/sitio\/wp-json\/wp\/v2\/media?parent=86974"}],"wp:term":[{"taxonomy":"category","embeddable":true,"href":"https:\/\/eldiariodesanpedro.com.ar\/sitio\/wp-json\/wp\/v2\/categories?post=86974"},{"taxonomy":"post_tag","embeddable":true,"href":"https:\/\/eldiariodesanpedro.com.ar\/sitio\/wp-json\/wp\/v2\/tags?post=86974"}],"curies":[{"name":"wp","href":"https:\/\/api.w.org\/{rel}","templated":true}]}}