{"id":86970,"date":"2021-02-03T10:46:51","date_gmt":"2021-02-03T13:46:51","guid":{"rendered":"https:\/\/eldiariodesanpedro.com.ar\/sitio\/?p=86970"},"modified":"2021-02-03T10:46:55","modified_gmt":"2021-02-03T13:46:55","slug":"futbol-local-se-puede-jugar-pero-sin-publico","status":"publish","type":"post","link":"https:\/\/eldiariodesanpedro.com.ar\/sitio\/futbol-local-se-puede-jugar-pero-sin-publico\/","title":{"rendered":"Futbol local, se puede jugar pero sin p\u00fablico"},"content":{"rendered":"<!-- VideographyWP Plugin Message: Automatic video embedding prevented by plugin options. -->\n\n<p>El lunes en la sesi\u00f3n de la Liga Deportiva Sampedrina a\u00fan no contaban con repuesta sobre el pedido de poder jugar un torneo con p\u00fablico, hoy en horas del mediod\u00eda lleg\u00f3 la circular del Consejo Federal de F\u00fatbol de AFA a todas las ligas con el no rotundo de la Agencia de Prevenci\u00f3n de la Violencia en el Deporte, Deportes, Seguridad Deportiva.<\/p>\n\n\n\n<p>Si hab\u00eda alguna esperanza de poder jugar con p\u00fablico en las canchas, este martes queda totalmente descartado. Se puede bajo protocolo de AFA, pero sin espectadores, lo que hace casi imposible para ligas del interior hacer disputar sus torneos, los que se solventan exclusivamente con el aporte del p\u00fablico que concurre.<\/p>\n\n\n\n<p>Incre\u00edblemente se les proh\u00edbe a las ligas (en AFA se puede jugar porque se les otorga subsidios a los clubes de manera permanente, donde a la inagotable cantera de jugadores que es el interior no se les da absolutamente nada), pero el Gobierno Bonaerense no tiene en cuenta las fiestas con 500 personas en 150 metros cuadrados de un boliche, o las fiestas al aire libre con miles de personas, etc, etc., el f\u00fatbol en ciudades como la nuestra se juega con menos de 200 espectadores en espacios muy amplios donde recibirlos. Pero el APREVIDE, ente al cual le tiraron la pelota, cuando el propio gobierno lo tendr\u00eda que haber hecho y no una agencia de seguridad deportiva que solo existe para reclamar al f\u00fatbol de manera permanente sin tener en cuenta clubes o ligas con escasa convocatoria y los profesionales subsidiados por los gobiernos provinciales o nacional.<\/p>\n\n\n\n<p>Los clubes tienen ahora la pelota, habr\u00e1 que ver que opinan en la reuni\u00f3n del pr\u00f3ximo 22 de febrero.<\/p>\n\n\n\n<figure class=\"wp-block-image size-large\"><img decoding=\"async\" width=\"797\" height=\"560\" data-attachment-id=\"86971\" data-permalink=\"https:\/\/eldiariodesanpedro.com.ar\/sitio\/futbol-local-se-puede-jugar-pero-sin-publico\/aprevide\/\" data-orig-file=\"https:\/\/eldiariodesanpedro.com.ar\/sitio\/wp-content\/uploads\/2021\/02\/aprevide.png\" data-orig-size=\"797,560\" data-comments-opened=\"1\" data-image-meta=\"{&quot;aperture&quot;:&quot;0&quot;,&quot;credit&quot;:&quot;&quot;,&quot;camera&quot;:&quot;&quot;,&quot;caption&quot;:&quot;&quot;,&quot;created_timestamp&quot;:&quot;0&quot;,&quot;copyright&quot;:&quot;&quot;,&quot;focal_length&quot;:&quot;0&quot;,&quot;iso&quot;:&quot;0&quot;,&quot;shutter_speed&quot;:&quot;0&quot;,&quot;title&quot;:&quot;&quot;,&quot;orientation&quot;:&quot;0&quot;}\" data-image-title=\"aprevide\" data-image-description=\"\" data-image-caption=\"\" data-large-file=\"https:\/\/eldiariodesanpedro.com.ar\/sitio\/wp-content\/uploads\/2021\/02\/aprevide.png\" data-src=\"https:\/\/eldiariodesanpedro.com.ar\/sitio\/wp-content\/uploads\/2021\/02\/aprevide.png\" alt=\"\" class=\"wp-image-86971 lazyload\" data-srcset=\"https:\/\/eldiariodesanpedro.com.ar\/sitio\/wp-content\/uploads\/2021\/02\/aprevide.png 797w, https:\/\/eldiariodesanpedro.com.ar\/sitio\/wp-content\/uploads\/2021\/02\/aprevide-300x211.png 300w, https:\/\/eldiariodesanpedro.com.ar\/sitio\/wp-content\/uploads\/2021\/02\/aprevide-768x540.png 768w\" data-sizes=\"(max-width: 797px) 100vw, 797px\" src=\"data:image\/svg+xml;base64,PHN2ZyB3aWR0aD0iMSIgaGVpZ2h0PSIxIiB4bWxucz0iaHR0cDovL3d3dy53My5vcmcvMjAwMC9zdmciPjwvc3ZnPg==\" style=\"--smush-placeholder-width: 797px; --smush-placeholder-aspect-ratio: 797\/560;\" \/><\/figure>\n\n\n\n<p>Fuente: <a href=\"https:\/\/www.elclasicodeportes.com.ar\/circular-del-aprevide-se-puede-jugar-pero-sin-publico\/\">El Cl\u00e1sico Deportes<\/a><\/p>\n","protected":false},"excerpt":{"rendered":"<p>El lunes en la sesi\u00f3n de la Liga Deportiva Sampedrina a\u00fan no contaban con repuesta sobre el pedido de poder jugar un torneo con p\u00fablico, hoy en horas del mediod\u00eda lleg\u00f3 la circular del Consejo Federal de F\u00fatbol de AFA a todas las ligas con el no rotundo de la Agencia de Prevenci\u00f3n de la [&hellip;]<\/p>\n","protected":false},"author":4,"featured_media":86972,"comment_status":"open","ping_status":"closed","sticky":false,"template":"","format":"standard","meta":{"om_disable_all_campaigns":false,"_jetpack_memberships_contains_paid_content":false,"footnotes":""},"categories":[50,101,2],"tags":[],"class_list":["post-86970","post","type-post","status-publish","format-standard","has-post-thumbnail","hentry","category-destacadas","category-interes-general-locales","category-locales"],"aioseo_notices":[],"gutentor_comment":0,"jetpack_featured_media_url":"https:\/\/eldiariodesanpedro.com.ar\/sitio\/wp-content\/uploads\/2021\/02\/sanpedro11-1.jpg","jetpack_shortlink":"https:\/\/wp.me\/p6RhLt-mCK","jetpack_sharing_enabled":true,"_links":{"self":[{"href":"https:\/\/eldiariodesanpedro.com.ar\/sitio\/wp-json\/wp\/v2\/posts\/86970","targetHints":{"allow":["GET"]}}],"collection":[{"href":"https:\/\/eldiariodesanpedro.com.ar\/sitio\/wp-json\/wp\/v2\/posts"}],"about":[{"href":"https:\/\/eldiariodesanpedro.com.ar\/sitio\/wp-json\/wp\/v2\/types\/post"}],"author":[{"embeddable":true,"href":"https:\/\/eldiariodesanpedro.com.ar\/sitio\/wp-json\/wp\/v2\/users\/4"}],"replies":[{"embeddable":true,"href":"https:\/\/eldiariodesanpedro.com.ar\/sitio\/wp-json\/wp\/v2\/comments?post=86970"}],"version-history":[{"count":1,"href":"https:\/\/eldiariodesanpedro.com.ar\/sitio\/wp-json\/wp\/v2\/posts\/86970\/revisions"}],"predecessor-version":[{"id":86973,"href":"https:\/\/eldiariodesanpedro.com.ar\/sitio\/wp-json\/wp\/v2\/posts\/86970\/revisions\/86973"}],"wp:featuredmedia":[{"embeddable":true,"href":"https:\/\/eldiariodesanpedro.com.ar\/sitio\/wp-json\/wp\/v2\/media\/86972"}],"wp:attachment":[{"href":"https:\/\/eldiariodesanpedro.com.ar\/sitio\/wp-json\/wp\/v2\/media?parent=86970"}],"wp:term":[{"taxonomy":"category","embeddable":true,"href":"https:\/\/eldiariodesanpedro.com.ar\/sitio\/wp-json\/wp\/v2\/categories?post=86970"},{"taxonomy":"post_tag","embeddable":true,"href":"https:\/\/eldiariodesanpedro.com.ar\/sitio\/wp-json\/wp\/v2\/tags?post=86970"}],"curies":[{"name":"wp","href":"https:\/\/api.w.org\/{rel}","templated":true}]}}