{"id":8697,"date":"2016-10-10T19:11:29","date_gmt":"2016-10-10T22:11:29","guid":{"rendered":"https:\/\/eldiariodesanpedro.com.ar\/sitio\/?p=8697"},"modified":"2016-10-10T19:11:29","modified_gmt":"2016-10-10T22:11:29","slug":"un-motociclista-sufrio-una-fractura-en-una-pierna","status":"publish","type":"post","link":"https:\/\/eldiariodesanpedro.com.ar\/sitio\/un-motociclista-sufrio-una-fractura-en-una-pierna\/","title":{"rendered":"Un motociclista sufri\u00f3 una fractura en una pierna"},"content":{"rendered":"<p><!-- VideographyWP Plugin Message: Automatic video embedding prevented by plugin options. --><br \/>\nEl siniestro tuvo lugar el viernes en la esquina de Miguel Porta y Casella, entre un autom\u00f3vil de la marca Renault, de color gris, en el que se dirig\u00eda un hombre de 33 a\u00f1os, y un ciclomotor Gilera que era conducido por un sujeto de 23 a\u00f1os.<br \/>\nComo consecuencia del impacto, el motociclista result\u00f3 lesionado, por lo que fue derivado por una ambulancia al nosocomio local, donde el m\u00e9dico de la guardia dictamin\u00f3 que sufri\u00f3 una fractura en uno de sus miembros inferiores, la que fue caratulada como de car\u00e1cter grave, sin riesgo de muerte, salvo complicaciones.<br \/>\nIntervino la UFI N\u00ba 5 San Pedro, que caratul\u00f3 el hecho como \u201cLesiones culposas\u201d.<\/p>\n","protected":false},"excerpt":{"rendered":"<p>El siniestro tuvo lugar el viernes en la esquina de Miguel Porta y Casella, entre un autom\u00f3vil de la marca Renault, de color gris, en el que se dirig\u00eda un hombre de 33 a\u00f1os, y un ciclomotor Gilera que era conducido por un sujeto de 23 a\u00f1os. Como consecuencia del impacto, el motociclista result\u00f3 lesionado, [&hellip;]<\/p>\n","protected":false},"author":4,"featured_media":8004,"comment_status":"open","ping_status":"closed","sticky":false,"template":"","format":"standard","meta":{"om_disable_all_campaigns":false,"_jetpack_memberships_contains_paid_content":false,"footnotes":""},"categories":[2,103],"tags":[],"class_list":["post-8697","post","type-post","status-publish","format-standard","has-post-thumbnail","hentry","category-locales","category-policiales-locales"],"aioseo_notices":[],"gutentor_comment":0,"jetpack_featured_media_url":"https:\/\/eldiariodesanpedro.com.ar\/sitio\/wp-content\/uploads\/2016\/09\/PAGINA-3-7.jpg","jetpack_shortlink":"https:\/\/wp.me\/p6RhLt-2gh","jetpack_sharing_enabled":true,"_links":{"self":[{"href":"https:\/\/eldiariodesanpedro.com.ar\/sitio\/wp-json\/wp\/v2\/posts\/8697","targetHints":{"allow":["GET"]}}],"collection":[{"href":"https:\/\/eldiariodesanpedro.com.ar\/sitio\/wp-json\/wp\/v2\/posts"}],"about":[{"href":"https:\/\/eldiariodesanpedro.com.ar\/sitio\/wp-json\/wp\/v2\/types\/post"}],"author":[{"embeddable":true,"href":"https:\/\/eldiariodesanpedro.com.ar\/sitio\/wp-json\/wp\/v2\/users\/4"}],"replies":[{"embeddable":true,"href":"https:\/\/eldiariodesanpedro.com.ar\/sitio\/wp-json\/wp\/v2\/comments?post=8697"}],"version-history":[{"count":1,"href":"https:\/\/eldiariodesanpedro.com.ar\/sitio\/wp-json\/wp\/v2\/posts\/8697\/revisions"}],"predecessor-version":[{"id":8698,"href":"https:\/\/eldiariodesanpedro.com.ar\/sitio\/wp-json\/wp\/v2\/posts\/8697\/revisions\/8698"}],"wp:featuredmedia":[{"embeddable":true,"href":"https:\/\/eldiariodesanpedro.com.ar\/sitio\/wp-json\/wp\/v2\/media\/8004"}],"wp:attachment":[{"href":"https:\/\/eldiariodesanpedro.com.ar\/sitio\/wp-json\/wp\/v2\/media?parent=8697"}],"wp:term":[{"taxonomy":"category","embeddable":true,"href":"https:\/\/eldiariodesanpedro.com.ar\/sitio\/wp-json\/wp\/v2\/categories?post=8697"},{"taxonomy":"post_tag","embeddable":true,"href":"https:\/\/eldiariodesanpedro.com.ar\/sitio\/wp-json\/wp\/v2\/tags?post=8697"}],"curies":[{"name":"wp","href":"https:\/\/api.w.org\/{rel}","templated":true}]}}