{"id":86964,"date":"2021-02-02T19:31:05","date_gmt":"2021-02-02T22:31:05","guid":{"rendered":"https:\/\/eldiariodesanpedro.com.ar\/sitio\/?p=86964"},"modified":"2021-02-02T19:31:06","modified_gmt":"2021-02-02T22:31:06","slug":"fede-bal-y-arnaldo-andre-realizaran-una-obra-teatral-en-san-pedro","status":"publish","type":"post","link":"https:\/\/eldiariodesanpedro.com.ar\/sitio\/fede-bal-y-arnaldo-andre-realizaran-una-obra-teatral-en-san-pedro\/","title":{"rendered":"Fede Bal y Arnaldo Andr\u00e9 realizaran una obra teatral en San Pedro"},"content":{"rendered":"<!-- VideographyWP Plugin Message: Automatic video embedding prevented by plugin options. -->\n\n<p>El pr\u00f3ximo 15 de Febrero comenzara la excelente obra teatral en el Club Pescadores y en esta ocasi\u00f3n tendr\u00e1 como estrellas principales a Fede Bal,  Arnaldo Andre,  Lula Rosenthal y Marta Gonzalez presentando \u00abMentiras Inteligentes\u00bb.<\/p>\n\n\n\n<p>Despu\u00e9s del \u00e9xito de \u00abFiesta en la Estancia\u00bb con Alejandro Cupito y Costa este s\u00e1bado se realizara la presentaci\u00f3n en conferencia de prensa de la nueva propuesta teatral que dar\u00e1 comienzo el pr\u00f3ximo lunes 15 de Febrero con la estelar presencia de Fede Bal.<\/p>\n\n\n\n<p><\/p>\n","protected":false},"excerpt":{"rendered":"<p>El pr\u00f3ximo 15 de Febrero comenzara la excelente obra teatral en el Club Pescadores y en esta ocasi\u00f3n tendr\u00e1 como estrellas principales a Fede Bal, Arnaldo Andre, Lula Rosenthal y Marta Gonzalez presentando \u00abMentiras Inteligentes\u00bb. Despu\u00e9s del \u00e9xito de \u00abFiesta en la Estancia\u00bb con Alejandro Cupito y Costa este s\u00e1bado se realizara la presentaci\u00f3n en [&hellip;]<\/p>\n","protected":false},"author":4,"featured_media":86966,"comment_status":"open","ping_status":"closed","sticky":false,"template":"","format":"standard","meta":{"om_disable_all_campaigns":false,"_jetpack_memberships_contains_paid_content":false,"footnotes":""},"categories":[50,101,2],"tags":[],"class_list":["post-86964","post","type-post","status-publish","format-standard","has-post-thumbnail","hentry","category-destacadas","category-interes-general-locales","category-locales"],"aioseo_notices":[],"gutentor_comment":0,"jetpack_featured_media_url":"https:\/\/eldiariodesanpedro.com.ar\/sitio\/wp-content\/uploads\/2021\/02\/5ffcb3cc45f6d.jpg","jetpack_shortlink":"https:\/\/wp.me\/p6RhLt-mCE","jetpack_sharing_enabled":true,"_links":{"self":[{"href":"https:\/\/eldiariodesanpedro.com.ar\/sitio\/wp-json\/wp\/v2\/posts\/86964","targetHints":{"allow":["GET"]}}],"collection":[{"href":"https:\/\/eldiariodesanpedro.com.ar\/sitio\/wp-json\/wp\/v2\/posts"}],"about":[{"href":"https:\/\/eldiariodesanpedro.com.ar\/sitio\/wp-json\/wp\/v2\/types\/post"}],"author":[{"embeddable":true,"href":"https:\/\/eldiariodesanpedro.com.ar\/sitio\/wp-json\/wp\/v2\/users\/4"}],"replies":[{"embeddable":true,"href":"https:\/\/eldiariodesanpedro.com.ar\/sitio\/wp-json\/wp\/v2\/comments?post=86964"}],"version-history":[{"count":1,"href":"https:\/\/eldiariodesanpedro.com.ar\/sitio\/wp-json\/wp\/v2\/posts\/86964\/revisions"}],"predecessor-version":[{"id":86967,"href":"https:\/\/eldiariodesanpedro.com.ar\/sitio\/wp-json\/wp\/v2\/posts\/86964\/revisions\/86967"}],"wp:featuredmedia":[{"embeddable":true,"href":"https:\/\/eldiariodesanpedro.com.ar\/sitio\/wp-json\/wp\/v2\/media\/86966"}],"wp:attachment":[{"href":"https:\/\/eldiariodesanpedro.com.ar\/sitio\/wp-json\/wp\/v2\/media?parent=86964"}],"wp:term":[{"taxonomy":"category","embeddable":true,"href":"https:\/\/eldiariodesanpedro.com.ar\/sitio\/wp-json\/wp\/v2\/categories?post=86964"},{"taxonomy":"post_tag","embeddable":true,"href":"https:\/\/eldiariodesanpedro.com.ar\/sitio\/wp-json\/wp\/v2\/tags?post=86964"}],"curies":[{"name":"wp","href":"https:\/\/api.w.org\/{rel}","templated":true}]}}