{"id":86960,"date":"2021-02-02T19:07:23","date_gmt":"2021-02-02T22:07:23","guid":{"rendered":"https:\/\/eldiariodesanpedro.com.ar\/sitio\/?p=86960"},"modified":"2021-02-02T19:07:26","modified_gmt":"2021-02-02T22:07:26","slug":"edicto-de-sucesion-de-daniel-delgado-y-ricardo-castillo","status":"publish","type":"post","link":"https:\/\/eldiariodesanpedro.com.ar\/sitio\/edicto-de-sucesion-de-daniel-delgado-y-ricardo-castillo\/","title":{"rendered":"Edicto de sucesi\u00f3n de Daniel Delgado y Ricardo Castillo"},"content":{"rendered":"<!-- VideographyWP Plugin Message: Automatic video embedding prevented by plugin options. -->\n\n<p>El Juzgado en Primera Instancia\u00a0 en lo Civil y Comercial\u00a0 N\u00ba 6 del departamento Judicial de San Nicol\u00e1s, Secretar\u00eda \u00danica del\u00a0 Departamento Judicial de San Nicol\u00e1s, Secretar\u00eda \u00danica en los autos caratulados <strong>\u00abWill\u00a0 Juan Bautista c\/Castillo Ricardo y otros y\/cualquier otro ocupantes s\/desalojo \u00ab<\/strong> Expediente N\u00ba 39417 , cita y emplaza por diez d\u00edas\u00a0a herederos\u00a0 de los\u00a0Sres. <strong>Daniel Delgado y Ricardo Castillo<\/strong>. En caso de que los citados no comparecieran\u00a0a tomar intervenci\u00f3n\u00a0y a estar a derecho en este juicio , se dar\u00e1\u00a0intervenci\u00f3n\u00a0al Defensor Oficial que corresponda.-  San Nicol\u00e1s 02 de Octubre de 2020.-<\/p>\n\n\n\n<p>Dr. Francisco Nicol\u00e1s Knezovich\u00a0<br>ABOGADO SECRETARIO\u00a0<\/p>\n","protected":false},"excerpt":{"rendered":"<p>El Juzgado en Primera Instancia\u00a0 en lo Civil y Comercial\u00a0 N\u00ba 6 del departamento Judicial de San Nicol\u00e1s, Secretar\u00eda \u00danica del\u00a0 Departamento Judicial de San Nicol\u00e1s, Secretar\u00eda \u00danica en los autos caratulados \u00abWill\u00a0 Juan Bautista c\/Castillo Ricardo y otros y\/cualquier otro ocupantes s\/desalojo \u00ab Expediente N\u00ba 39417 , cita y emplaza por diez d\u00edas\u00a0a herederos\u00a0 [&hellip;]<\/p>\n","protected":false},"author":4,"featured_media":81115,"comment_status":"open","ping_status":"closed","sticky":false,"template":"","format":"standard","meta":{"om_disable_all_campaigns":false,"_jetpack_memberships_contains_paid_content":false,"footnotes":""},"categories":[676,677],"tags":[2109,1121,1761],"class_list":["post-86960","post","type-post","status-publish","format-standard","has-post-thumbnail","hentry","category-edictos","category-edictos-sucesorios","tag-daniel-delgado-y-ricardo-castillo","tag-edicto","tag-sucesion-2"],"aioseo_notices":[],"gutentor_comment":0,"jetpack_featured_media_url":"https:\/\/eldiariodesanpedro.com.ar\/sitio\/wp-content\/uploads\/2020\/09\/Poder-Judicial.jpg","jetpack_shortlink":"https:\/\/wp.me\/p6RhLt-mCA","jetpack_sharing_enabled":true,"_links":{"self":[{"href":"https:\/\/eldiariodesanpedro.com.ar\/sitio\/wp-json\/wp\/v2\/posts\/86960","targetHints":{"allow":["GET"]}}],"collection":[{"href":"https:\/\/eldiariodesanpedro.com.ar\/sitio\/wp-json\/wp\/v2\/posts"}],"about":[{"href":"https:\/\/eldiariodesanpedro.com.ar\/sitio\/wp-json\/wp\/v2\/types\/post"}],"author":[{"embeddable":true,"href":"https:\/\/eldiariodesanpedro.com.ar\/sitio\/wp-json\/wp\/v2\/users\/4"}],"replies":[{"embeddable":true,"href":"https:\/\/eldiariodesanpedro.com.ar\/sitio\/wp-json\/wp\/v2\/comments?post=86960"}],"version-history":[{"count":1,"href":"https:\/\/eldiariodesanpedro.com.ar\/sitio\/wp-json\/wp\/v2\/posts\/86960\/revisions"}],"predecessor-version":[{"id":86961,"href":"https:\/\/eldiariodesanpedro.com.ar\/sitio\/wp-json\/wp\/v2\/posts\/86960\/revisions\/86961"}],"wp:featuredmedia":[{"embeddable":true,"href":"https:\/\/eldiariodesanpedro.com.ar\/sitio\/wp-json\/wp\/v2\/media\/81115"}],"wp:attachment":[{"href":"https:\/\/eldiariodesanpedro.com.ar\/sitio\/wp-json\/wp\/v2\/media?parent=86960"}],"wp:term":[{"taxonomy":"category","embeddable":true,"href":"https:\/\/eldiariodesanpedro.com.ar\/sitio\/wp-json\/wp\/v2\/categories?post=86960"},{"taxonomy":"post_tag","embeddable":true,"href":"https:\/\/eldiariodesanpedro.com.ar\/sitio\/wp-json\/wp\/v2\/tags?post=86960"}],"curies":[{"name":"wp","href":"https:\/\/api.w.org\/{rel}","templated":true}]}}