{"id":86958,"date":"2021-02-02T18:49:46","date_gmt":"2021-02-02T21:49:46","guid":{"rendered":"https:\/\/eldiariodesanpedro.com.ar\/sitio\/?p=86958"},"modified":"2021-02-02T18:49:49","modified_gmt":"2021-02-02T21:49:49","slug":"coronavirus-bajan-los-activos-a-116-y-se-envian-63-muestras","status":"publish","type":"post","link":"https:\/\/eldiariodesanpedro.com.ar\/sitio\/coronavirus-bajan-los-activos-a-116-y-se-envian-63-muestras\/","title":{"rendered":"Coronavirus: Bajan los activos a 116 y se env\u00edan 63 muestras"},"content":{"rendered":"<!-- VideographyWP Plugin Message: Automatic video embedding prevented by plugin options. -->\n\n<p>En la tarde de este martes la Secretaria de Salud envi\u00f3 el parte del d\u00eda de hoy de el estado epidemiol\u00f3gico en nuestra ciudad donde informa el envi\u00f3 de 63 muestras al laboratorio y se dan 20 altas, lo que continua con la baja de los casos en la tercera semana consecutiva.<\/p>\n\n\n\n<p>La Secretar\u00eda de Salud de la Municipalidad de San Pedro brinda el informe oficial diario actualizado con datos recopilados hasta el momento con relaci\u00f3n al seguimiento a la Pandemia de Covid-19.<\/p>\n\n\n\n<p><strong>INFORME DIARIO<\/strong><br>MUESTRAS<br>Se enviaron 63 muestras al Laboratorio Central Lab:<br>&#8211; Mujeres de 19, 21, 38, 39, 41, 44, 45, 46(2), 52(2), 54, 62, 67, 68, 69, 71, 73, 81, 82(2), 83, 85, 86(2), 88(3), 89 y 98 a\u00f1os.<br>&#8211; Hombres de 15, 21, 24, 26, 29, 31, 32, 37, 38, 39(2), 40, 42, 46, 49, 50, 51, 56, 59, 61, 62, 63, 64, 67(2), 68, 77, 81, 82(2), 85, 87 y 88 a\u00f1os.<\/p>\n\n\n\n<p>ALTAS<br>Se cargaron 20 altas<br>Detalle:<br>Mujeres de 20, 21, 24, 27, 28, 32, 35, 39(2), 40, 46 y 62 a\u00f1os.<br>Hombres de 13, 17, 24, 42, 54, 58, 60 y 80 a\u00f1os.<\/p>\n\n\n\n<p>Resumen actualizado de informaci\u00f3n oficial<br>Positivos desde el inicio de la Pandemia: 2184<br>Activos: 116<br>Recuperados: 1994<br>Fallecidos: 74<br>\u00daltimo env\u00edo de muestras: 63<br>Muestras pendientes: 64<br>Negativos desde el inicio de la Pandemia: 3068<br>Los datos consignados en este informe corresponden a ex\u00e1menes realizados por PCR.<\/p>\n\n\n\n<p>&#x1f449; Usar tapabocas.<br>&#x1f449; Mantener la distancia m\u00ednima de 2 metros.<br>&#x1f449; Extremar la higiene de los espacios.<br>&#x1f449; Mantener las manos limpias.<\/p>\n\n\n\n<p>Se recuerda que, ante s\u00edntomas de tos seca, fiebre y dolor de garganta y la probabilidad de haber estado en contacto con enfermos o viajeros llegados desde las zonas transmisi\u00f3n local o comunitaria se puede llamar al 148 o 107.<\/p>\n","protected":false},"excerpt":{"rendered":"<p>En la tarde de este martes la Secretaria de Salud envi\u00f3 el parte del d\u00eda de hoy de el estado epidemiol\u00f3gico en nuestra ciudad donde informa el envi\u00f3 de 63 muestras al laboratorio y se dan 20 altas, lo que continua con la baja de los casos en la tercera semana consecutiva. La Secretar\u00eda de [&hellip;]<\/p>\n","protected":false},"author":4,"featured_media":79200,"comment_status":"open","ping_status":"closed","sticky":false,"template":"","format":"standard","meta":{"om_disable_all_campaigns":false,"_jetpack_memberships_contains_paid_content":false,"footnotes":""},"categories":[50,101,2],"tags":[],"class_list":["post-86958","post","type-post","status-publish","format-standard","has-post-thumbnail","hentry","category-destacadas","category-interes-general-locales","category-locales"],"aioseo_notices":[],"gutentor_comment":0,"jetpack_featured_media_url":"https:\/\/eldiariodesanpedro.com.ar\/sitio\/wp-content\/uploads\/2020\/08\/FTRRV773PNB3RI4W5LP3O7ZVUI.jpg","jetpack_shortlink":"https:\/\/wp.me\/p6RhLt-mCy","jetpack_sharing_enabled":true,"_links":{"self":[{"href":"https:\/\/eldiariodesanpedro.com.ar\/sitio\/wp-json\/wp\/v2\/posts\/86958","targetHints":{"allow":["GET"]}}],"collection":[{"href":"https:\/\/eldiariodesanpedro.com.ar\/sitio\/wp-json\/wp\/v2\/posts"}],"about":[{"href":"https:\/\/eldiariodesanpedro.com.ar\/sitio\/wp-json\/wp\/v2\/types\/post"}],"author":[{"embeddable":true,"href":"https:\/\/eldiariodesanpedro.com.ar\/sitio\/wp-json\/wp\/v2\/users\/4"}],"replies":[{"embeddable":true,"href":"https:\/\/eldiariodesanpedro.com.ar\/sitio\/wp-json\/wp\/v2\/comments?post=86958"}],"version-history":[{"count":1,"href":"https:\/\/eldiariodesanpedro.com.ar\/sitio\/wp-json\/wp\/v2\/posts\/86958\/revisions"}],"predecessor-version":[{"id":86959,"href":"https:\/\/eldiariodesanpedro.com.ar\/sitio\/wp-json\/wp\/v2\/posts\/86958\/revisions\/86959"}],"wp:featuredmedia":[{"embeddable":true,"href":"https:\/\/eldiariodesanpedro.com.ar\/sitio\/wp-json\/wp\/v2\/media\/79200"}],"wp:attachment":[{"href":"https:\/\/eldiariodesanpedro.com.ar\/sitio\/wp-json\/wp\/v2\/media?parent=86958"}],"wp:term":[{"taxonomy":"category","embeddable":true,"href":"https:\/\/eldiariodesanpedro.com.ar\/sitio\/wp-json\/wp\/v2\/categories?post=86958"},{"taxonomy":"post_tag","embeddable":true,"href":"https:\/\/eldiariodesanpedro.com.ar\/sitio\/wp-json\/wp\/v2\/tags?post=86958"}],"curies":[{"name":"wp","href":"https:\/\/api.w.org\/{rel}","templated":true}]}}