{"id":86955,"date":"2021-02-02T18:38:44","date_gmt":"2021-02-02T21:38:44","guid":{"rendered":"https:\/\/eldiariodesanpedro.com.ar\/sitio\/?p=86955"},"modified":"2021-02-02T18:38:48","modified_gmt":"2021-02-02T21:38:48","slug":"planificacion-de-actividades-entre-la-municipalidad-y-el-inta","status":"publish","type":"post","link":"https:\/\/eldiariodesanpedro.com.ar\/sitio\/planificacion-de-actividades-entre-la-municipalidad-y-el-inta\/","title":{"rendered":"Planificaci\u00f3n de actividades entre la Municipalidad y el INTA"},"content":{"rendered":"<!-- VideographyWP Plugin Message: Automatic video embedding prevented by plugin options. -->\n\n<p>En la Casona de la Direcci\u00f3n de Turismo, la titular del \u00e1rea, tambi\u00e9n temporalmente a cargo de la Secretar\u00eda de Desarrollo Econ\u00f3mico, recibi\u00f3 esta ma\u00f1ana junto al Coordinador de Producci\u00f3n Hugo Ram\u00edrez e integrantes del equipo, a representantes del INTA San Pedro.<\/p>\n\n\n\n<p>La Directora de la Estaci\u00f3n Experimental Ingeniera Laura Hansen y la Coordinadora de Plataforma Territorial, Dra. Mariana Piola, se acercaron para repasar las actividades que actualmente vinculan a ambas instituciones.<\/p>\n\n\n\n<p>En los \u00faltimos tiempos se han intensificado estos v\u00ednculos con varias acciones concretadas y proyectos que estrechan los caminos del gobierno local con la instituci\u00f3n.<\/p>\n\n\n\n<p>Entre otros puntos analizados se destacaron, los convenios por la prueba del \u00absilobatata\u00bb, la investigaci\u00f3n de cultivares de Cannabis Medicinal, los aportes a ordenanzas a ser presentadas en el Concejo Deliberante para la creaci\u00f3n de peque\u00f1as unidades productivas alimenticias (PUPA) y la participaci\u00f3n en los dos proyectos locales (Batata de calidad, y Multiplicaci\u00f3n de plantas).<\/p>\n\n\n\n<p>Adem\u00e1s, se formaliz\u00f3 la invitaci\u00f3n a integrar el Consejo Local Asesor del INTA, en el que participan instituciones desde San Nicol\u00e1s a Z\u00e1rate para acompa\u00f1ar al INTA en aspectos relacionados a su labor en el territorio.<\/p>\n\n\n\n<p>El encuentro permiti\u00f3 ajustar el trabajo, en continuidad con la tarea que el equipo de la Secretar\u00eda ya ven\u00eda llevando a cabo y en los pr\u00f3ximos d\u00edas se realizar\u00e1n otros anuncios conjuntos importantes para los productores y la comunidad sampedrina.<\/p>\n","protected":false},"excerpt":{"rendered":"<p>En la Casona de la Direcci\u00f3n de Turismo, la titular del \u00e1rea, tambi\u00e9n temporalmente a cargo de la Secretar\u00eda de Desarrollo Econ\u00f3mico, recibi\u00f3 esta ma\u00f1ana junto al Coordinador de Producci\u00f3n Hugo Ram\u00edrez e integrantes del equipo, a representantes del INTA San Pedro. La Directora de la Estaci\u00f3n Experimental Ingeniera Laura Hansen y la Coordinadora de [&hellip;]<\/p>\n","protected":false},"author":4,"featured_media":86956,"comment_status":"open","ping_status":"closed","sticky":false,"template":"","format":"standard","meta":{"om_disable_all_campaigns":false,"_jetpack_memberships_contains_paid_content":false,"footnotes":""},"categories":[50,101,2],"tags":[],"class_list":["post-86955","post","type-post","status-publish","format-standard","has-post-thumbnail","hentry","category-destacadas","category-interes-general-locales","category-locales"],"aioseo_notices":[],"gutentor_comment":0,"jetpack_featured_media_url":"https:\/\/eldiariodesanpedro.com.ar\/sitio\/wp-content\/uploads\/2021\/02\/WhatsApp-Image-2021-02-02-at-18.16.22.jpeg","jetpack_shortlink":"https:\/\/wp.me\/p6RhLt-mCv","jetpack_sharing_enabled":true,"_links":{"self":[{"href":"https:\/\/eldiariodesanpedro.com.ar\/sitio\/wp-json\/wp\/v2\/posts\/86955","targetHints":{"allow":["GET"]}}],"collection":[{"href":"https:\/\/eldiariodesanpedro.com.ar\/sitio\/wp-json\/wp\/v2\/posts"}],"about":[{"href":"https:\/\/eldiariodesanpedro.com.ar\/sitio\/wp-json\/wp\/v2\/types\/post"}],"author":[{"embeddable":true,"href":"https:\/\/eldiariodesanpedro.com.ar\/sitio\/wp-json\/wp\/v2\/users\/4"}],"replies":[{"embeddable":true,"href":"https:\/\/eldiariodesanpedro.com.ar\/sitio\/wp-json\/wp\/v2\/comments?post=86955"}],"version-history":[{"count":1,"href":"https:\/\/eldiariodesanpedro.com.ar\/sitio\/wp-json\/wp\/v2\/posts\/86955\/revisions"}],"predecessor-version":[{"id":86957,"href":"https:\/\/eldiariodesanpedro.com.ar\/sitio\/wp-json\/wp\/v2\/posts\/86955\/revisions\/86957"}],"wp:featuredmedia":[{"embeddable":true,"href":"https:\/\/eldiariodesanpedro.com.ar\/sitio\/wp-json\/wp\/v2\/media\/86956"}],"wp:attachment":[{"href":"https:\/\/eldiariodesanpedro.com.ar\/sitio\/wp-json\/wp\/v2\/media?parent=86955"}],"wp:term":[{"taxonomy":"category","embeddable":true,"href":"https:\/\/eldiariodesanpedro.com.ar\/sitio\/wp-json\/wp\/v2\/categories?post=86955"},{"taxonomy":"post_tag","embeddable":true,"href":"https:\/\/eldiariodesanpedro.com.ar\/sitio\/wp-json\/wp\/v2\/tags?post=86955"}],"curies":[{"name":"wp","href":"https:\/\/api.w.org\/{rel}","templated":true}]}}