{"id":86952,"date":"2021-02-02T18:34:36","date_gmt":"2021-02-02T21:34:36","guid":{"rendered":"https:\/\/eldiariodesanpedro.com.ar\/sitio\/?p=86952"},"modified":"2021-02-02T18:34:37","modified_gmt":"2021-02-02T21:34:37","slug":"dispusieron-un-aumento-del-25-para-las-fuerzas-federales-de-seguridad","status":"publish","type":"post","link":"https:\/\/eldiariodesanpedro.com.ar\/sitio\/dispusieron-un-aumento-del-25-para-las-fuerzas-federales-de-seguridad\/","title":{"rendered":"Dispusieron un aumento del 25% para las fuerzas federales de seguridad"},"content":{"rendered":"<!-- VideographyWP Plugin Message: Automatic video embedding prevented by plugin options. -->\n\n<p><strong>El Ministerio de Seguridad de la Naci\u00f3n dispuso hoy completar un aumento salarial del 25 por ciento para los integrantes de la Polic\u00eda Federal, la Polic\u00eda de Seguridad Aeroportuaria (PSA), la Prefectura Naval y Gendarmer\u00eda Nacional.<\/strong><\/p>\n\n\n\n<p>La mejora, que comenz\u00f3 a correr en octubre pasado, ser\u00e1 implementada por la cartera a cargo de Sabina Frederic en tres etapas, seg\u00fan se inform\u00f3 oficialmente. A partir del pasado lunes los sueldos del personal se incrementaron un cuatro por ciento: a comienzos de marzo subir\u00e1n un seis y a principios de mayo, un ocho.<\/p>\n\n\n\n<p>Los aumentos se a\u00f1adir\u00e1n al de siete por ciento percibido a partir de octubre pasado, aplicable sobre las retribuciones vigentes al 30 de septiembre de 2020. Seg\u00fan indicaron voceros de la cartera, \u201ccon el incremento dispuesto, los salarios del personal de las fuerzas alcanzar\u00e1n una mejora del veinticinco por ciento (25%) tomando en cuenta el per\u00edodo comprendido entre octubre de 2020 y mayo de 2021\u201d.<\/p>\n\n\n\n<p><\/p>\n","protected":false},"excerpt":{"rendered":"<p>El Ministerio de Seguridad de la Naci\u00f3n dispuso hoy completar un aumento salarial del 25 por ciento para los integrantes de la Polic\u00eda Federal, la Polic\u00eda de Seguridad Aeroportuaria (PSA), la Prefectura Naval y Gendarmer\u00eda Nacional. La mejora, que comenz\u00f3 a correr en octubre pasado, ser\u00e1 implementada por la cartera a cargo de Sabina Frederic [&hellip;]<\/p>\n","protected":false},"author":4,"featured_media":86953,"comment_status":"open","ping_status":"closed","sticky":false,"template":"","format":"standard","meta":{"om_disable_all_campaigns":false,"_jetpack_memberships_contains_paid_content":false,"footnotes":""},"categories":[621],"tags":[],"class_list":["post-86952","post","type-post","status-publish","format-standard","has-post-thumbnail","hentry","category-regionales"],"aioseo_notices":[],"gutentor_comment":0,"jetpack_featured_media_url":"https:\/\/eldiariodesanpedro.com.ar\/sitio\/wp-content\/uploads\/2021\/02\/gendarmeria-barbijo.jpg","jetpack_shortlink":"https:\/\/wp.me\/p6RhLt-mCs","jetpack_sharing_enabled":true,"_links":{"self":[{"href":"https:\/\/eldiariodesanpedro.com.ar\/sitio\/wp-json\/wp\/v2\/posts\/86952","targetHints":{"allow":["GET"]}}],"collection":[{"href":"https:\/\/eldiariodesanpedro.com.ar\/sitio\/wp-json\/wp\/v2\/posts"}],"about":[{"href":"https:\/\/eldiariodesanpedro.com.ar\/sitio\/wp-json\/wp\/v2\/types\/post"}],"author":[{"embeddable":true,"href":"https:\/\/eldiariodesanpedro.com.ar\/sitio\/wp-json\/wp\/v2\/users\/4"}],"replies":[{"embeddable":true,"href":"https:\/\/eldiariodesanpedro.com.ar\/sitio\/wp-json\/wp\/v2\/comments?post=86952"}],"version-history":[{"count":1,"href":"https:\/\/eldiariodesanpedro.com.ar\/sitio\/wp-json\/wp\/v2\/posts\/86952\/revisions"}],"predecessor-version":[{"id":86954,"href":"https:\/\/eldiariodesanpedro.com.ar\/sitio\/wp-json\/wp\/v2\/posts\/86952\/revisions\/86954"}],"wp:featuredmedia":[{"embeddable":true,"href":"https:\/\/eldiariodesanpedro.com.ar\/sitio\/wp-json\/wp\/v2\/media\/86953"}],"wp:attachment":[{"href":"https:\/\/eldiariodesanpedro.com.ar\/sitio\/wp-json\/wp\/v2\/media?parent=86952"}],"wp:term":[{"taxonomy":"category","embeddable":true,"href":"https:\/\/eldiariodesanpedro.com.ar\/sitio\/wp-json\/wp\/v2\/categories?post=86952"},{"taxonomy":"post_tag","embeddable":true,"href":"https:\/\/eldiariodesanpedro.com.ar\/sitio\/wp-json\/wp\/v2\/tags?post=86952"}],"curies":[{"name":"wp","href":"https:\/\/api.w.org\/{rel}","templated":true}]}}