{"id":86949,"date":"2021-02-02T18:10:14","date_gmt":"2021-02-02T21:10:14","guid":{"rendered":"https:\/\/eldiariodesanpedro.com.ar\/sitio\/?p=86949"},"modified":"2021-02-02T18:10:17","modified_gmt":"2021-02-02T21:10:17","slug":"san-nicolas-marcha-pidiendo-justicia-por-micaela-insaurralde","status":"publish","type":"post","link":"https:\/\/eldiariodesanpedro.com.ar\/sitio\/san-nicolas-marcha-pidiendo-justicia-por-micaela-insaurralde\/","title":{"rendered":"SAN NICOL\u00c1S | Marcha pidiendo justicia por Micaela Insaurralde"},"content":{"rendered":"<!-- VideographyWP Plugin Message: Automatic video embedding prevented by plugin options. -->\n\n<p>Tras un a\u00f1o del asesinato de Micaela Insaurralde, sus familiares y amigos, realizaron una marcha hasta fiscal\u00eda pidiendo justicia.<br><br>El hecho ocurri\u00f3 en la madrugada del domingo 1\u00b0 de febrero del 2020. La joven de 19 a\u00f1os, fue encontrada en Figueroa Alcorta entre Olleros y Chacabuco, tendida en el suelo, inconsciente y con m\u00faltiples lesiones en su cuerpo, secuelas de una fuerte golpiza.<br><br>De inmediato se inici\u00f3 una investigaci\u00f3n a cargo de la Dr. Ver\u00f3nica Marcantonio, procedi\u00e9ndose a la detenci\u00f3n de Florencia Gonzalez, una mujer de 22 a\u00f1os que estuvo privada de la libertad 2 meses y ahora se encuentra cumpliendo prisi\u00f3n domiciliaria a la espera del juicio.<br><br>La imputada del hecho es la due\u00f1a de la casa donde Micaela Insaurralde pas\u00f3 la noche junto a una amiga y otro grupo de personas.<br><br>Una discusi\u00f3n por una silla habr\u00eda sido el m\u00f3vil del brutal ataque.<br><br>Su madre, M\u00f3nica, dialog\u00f3 esta ma\u00f1ana con Radio Net 95.9 y se\u00f1al\u00f3 que esperan que la justicia le de \u00abperpetua\u00bb por el homicidio: \u00abFuimos a fiscal\u00eda, me dijeron que tienen la \u00faltima autopsia de Micaela. Florencia Gonzalez est\u00e1 en prisi\u00f3n domiciliaria y hace su vida normal, como si nada. Ella mat\u00f3 a una persona, no a un perro. Por una silla de mierda\u00bb, expres\u00f3.<br><br>Adem\u00e1s, cont\u00f3 que su hija era mam\u00e1 de una ni\u00f1a de 5 a\u00f1os. Mientras que la agresora tiene otros dos hijos menores que estaban durmiendo en la misma casa donde se desencaden\u00f3 el hecho.<\/p>\n\n\n\n<p>Fuente: <a href=\"http:\/\/www.diarioelinformante.com.ar\/nota-60543_marcha-pidiendo-justicia-por-micaela-insaurralde\">Diario El Informante<\/a><\/p>\n","protected":false},"excerpt":{"rendered":"<p>Tras un a\u00f1o del asesinato de Micaela Insaurralde, sus familiares y amigos, realizaron una marcha hasta fiscal\u00eda pidiendo justicia. El hecho ocurri\u00f3 en la madrugada del domingo 1\u00b0 de febrero del 2020. La joven de 19 a\u00f1os, fue encontrada en Figueroa Alcorta entre Olleros y Chacabuco, tendida en el suelo, inconsciente y con m\u00faltiples lesiones [&hellip;]<\/p>\n","protected":false},"author":4,"featured_media":86950,"comment_status":"open","ping_status":"closed","sticky":false,"template":"","format":"standard","meta":{"om_disable_all_campaigns":false,"_jetpack_memberships_contains_paid_content":false,"footnotes":""},"categories":[621],"tags":[],"class_list":["post-86949","post","type-post","status-publish","format-standard","has-post-thumbnail","hentry","category-regionales"],"aioseo_notices":[],"gutentor_comment":0,"jetpack_featured_media_url":"https:\/\/eldiariodesanpedro.com.ar\/sitio\/wp-content\/uploads\/2021\/02\/no_wwquvgru9jlj5jdWhatsApp_Image_2021_02_02_at_11.36.11_2_.jpg","jetpack_shortlink":"https:\/\/wp.me\/p6RhLt-mCp","jetpack_sharing_enabled":true,"_links":{"self":[{"href":"https:\/\/eldiariodesanpedro.com.ar\/sitio\/wp-json\/wp\/v2\/posts\/86949","targetHints":{"allow":["GET"]}}],"collection":[{"href":"https:\/\/eldiariodesanpedro.com.ar\/sitio\/wp-json\/wp\/v2\/posts"}],"about":[{"href":"https:\/\/eldiariodesanpedro.com.ar\/sitio\/wp-json\/wp\/v2\/types\/post"}],"author":[{"embeddable":true,"href":"https:\/\/eldiariodesanpedro.com.ar\/sitio\/wp-json\/wp\/v2\/users\/4"}],"replies":[{"embeddable":true,"href":"https:\/\/eldiariodesanpedro.com.ar\/sitio\/wp-json\/wp\/v2\/comments?post=86949"}],"version-history":[{"count":1,"href":"https:\/\/eldiariodesanpedro.com.ar\/sitio\/wp-json\/wp\/v2\/posts\/86949\/revisions"}],"predecessor-version":[{"id":86951,"href":"https:\/\/eldiariodesanpedro.com.ar\/sitio\/wp-json\/wp\/v2\/posts\/86949\/revisions\/86951"}],"wp:featuredmedia":[{"embeddable":true,"href":"https:\/\/eldiariodesanpedro.com.ar\/sitio\/wp-json\/wp\/v2\/media\/86950"}],"wp:attachment":[{"href":"https:\/\/eldiariodesanpedro.com.ar\/sitio\/wp-json\/wp\/v2\/media?parent=86949"}],"wp:term":[{"taxonomy":"category","embeddable":true,"href":"https:\/\/eldiariodesanpedro.com.ar\/sitio\/wp-json\/wp\/v2\/categories?post=86949"},{"taxonomy":"post_tag","embeddable":true,"href":"https:\/\/eldiariodesanpedro.com.ar\/sitio\/wp-json\/wp\/v2\/tags?post=86949"}],"curies":[{"name":"wp","href":"https:\/\/api.w.org\/{rel}","templated":true}]}}