{"id":86943,"date":"2021-02-02T17:42:47","date_gmt":"2021-02-02T20:42:47","guid":{"rendered":"https:\/\/eldiariodesanpedro.com.ar\/sitio\/?p=86943"},"modified":"2021-02-02T17:42:50","modified_gmt":"2021-02-02T20:42:50","slug":"campedrinos-pone-en-marcha-su-gira-en-el-primer-festival-nacional-del-pais","status":"publish","type":"post","link":"https:\/\/eldiariodesanpedro.com.ar\/sitio\/campedrinos-pone-en-marcha-su-gira-en-el-primer-festival-nacional-del-pais\/","title":{"rendered":"Campedrinos pone en marcha su gira en el primer festival nacional del pa\u00eds"},"content":{"rendered":"<!-- VideographyWP Plugin Message: Automatic video embedding prevented by plugin options. -->\n\n<p>Sergio y Agust\u00edn regresan con su equipo a los festivales del pa\u00eds, comenzando en La Dormida, departamento de Santa Rosa, Mendoza donde se realizar\u00e1 el festival nacional de la cueca y el damasco.<\/p>\n\n\n\n<p>Los j\u00f3venes folklorista han mantenido a su p\u00fablico muy conectado a trav\u00e9s de sus redes sociales, durante el 2020 se ha cuadruplicado su p\u00fablico, destacando que la plataforma Spotify los ha declarado como los nuevos folkloristas m\u00e1s escuchas a nivel mundial y los primeros influencers folkl\u00f3ricos.<\/p>\n\n\n\n<p>La realidad actual va permitiendo que de a poco se empiecen a habilitar m\u00e1s actividades, entre ellas el regreso de los festivales populares, Mendoza comienza con ello y convocaron a Campedrinos por tercer a\u00f1o consecutivo como figura de uno de los festivales m\u00e1s importantes de la provincia para el domingo 7 de febrero, se podr\u00e1 ver tambi\u00e9n en Streaming a trav\u00e9s de las redes sociales del municipio.<\/p>\n","protected":false},"excerpt":{"rendered":"<p>Sergio y Agust\u00edn regresan con su equipo a los festivales del pa\u00eds, comenzando en La Dormida, departamento de Santa Rosa, Mendoza donde se realizar\u00e1 el festival nacional de la cueca y el damasco. Los j\u00f3venes folklorista han mantenido a su p\u00fablico muy conectado a trav\u00e9s de sus redes sociales, durante el 2020 se ha cuadruplicado [&hellip;]<\/p>\n","protected":false},"author":4,"featured_media":86944,"comment_status":"open","ping_status":"closed","sticky":false,"template":"","format":"standard","meta":{"om_disable_all_campaigns":false,"_jetpack_memberships_contains_paid_content":false,"footnotes":""},"categories":[621],"tags":[],"class_list":["post-86943","post","type-post","status-publish","format-standard","has-post-thumbnail","hentry","category-regionales"],"aioseo_notices":[],"gutentor_comment":0,"jetpack_featured_media_url":"https:\/\/eldiariodesanpedro.com.ar\/sitio\/wp-content\/uploads\/2021\/02\/DSC00466-scaled-e1612298547661.jpg","jetpack_shortlink":"https:\/\/wp.me\/p6RhLt-mCj","jetpack_sharing_enabled":true,"_links":{"self":[{"href":"https:\/\/eldiariodesanpedro.com.ar\/sitio\/wp-json\/wp\/v2\/posts\/86943","targetHints":{"allow":["GET"]}}],"collection":[{"href":"https:\/\/eldiariodesanpedro.com.ar\/sitio\/wp-json\/wp\/v2\/posts"}],"about":[{"href":"https:\/\/eldiariodesanpedro.com.ar\/sitio\/wp-json\/wp\/v2\/types\/post"}],"author":[{"embeddable":true,"href":"https:\/\/eldiariodesanpedro.com.ar\/sitio\/wp-json\/wp\/v2\/users\/4"}],"replies":[{"embeddable":true,"href":"https:\/\/eldiariodesanpedro.com.ar\/sitio\/wp-json\/wp\/v2\/comments?post=86943"}],"version-history":[{"count":1,"href":"https:\/\/eldiariodesanpedro.com.ar\/sitio\/wp-json\/wp\/v2\/posts\/86943\/revisions"}],"predecessor-version":[{"id":86945,"href":"https:\/\/eldiariodesanpedro.com.ar\/sitio\/wp-json\/wp\/v2\/posts\/86943\/revisions\/86945"}],"wp:featuredmedia":[{"embeddable":true,"href":"https:\/\/eldiariodesanpedro.com.ar\/sitio\/wp-json\/wp\/v2\/media\/86944"}],"wp:attachment":[{"href":"https:\/\/eldiariodesanpedro.com.ar\/sitio\/wp-json\/wp\/v2\/media?parent=86943"}],"wp:term":[{"taxonomy":"category","embeddable":true,"href":"https:\/\/eldiariodesanpedro.com.ar\/sitio\/wp-json\/wp\/v2\/categories?post=86943"},{"taxonomy":"post_tag","embeddable":true,"href":"https:\/\/eldiariodesanpedro.com.ar\/sitio\/wp-json\/wp\/v2\/tags?post=86943"}],"curies":[{"name":"wp","href":"https:\/\/api.w.org\/{rel}","templated":true}]}}