{"id":86940,"date":"2021-02-02T17:35:04","date_gmt":"2021-02-02T20:35:04","guid":{"rendered":"https:\/\/eldiariodesanpedro.com.ar\/sitio\/?p=86940"},"modified":"2021-02-02T17:35:08","modified_gmt":"2021-02-02T20:35:08","slug":"se-extiende-el-horario-de-nocturnidad-hasta-las-02-am","status":"publish","type":"post","link":"https:\/\/eldiariodesanpedro.com.ar\/sitio\/se-extiende-el-horario-de-nocturnidad-hasta-las-02-am\/","title":{"rendered":"Se extiende el horario de nocturnidad hasta las 02 am"},"content":{"rendered":"<!-- VideographyWP Plugin Message: Automatic video embedding prevented by plugin options. -->\n\n<p>El gobernador Axel Kicillof encabez\u00f3 la conferencia sobre la situaci\u00f3n epidemiol\u00f3gica. All\u00ed, destac\u00f3, hubieron \u00abtres semanas\u00bb de reducci\u00f3n de casos de coronavirus. Tambi\u00e9n volvi\u00f3 a destacar la confiabilidad de la Sputnik V.\u00a0<\/p>\n\n\n\n<p>El gobernador de la provincia de Buenos Aires, Axel Kicillof, anunci\u00f3 que vuelven a extenderse las autorizaciones a las actividades no escenciales nocturnas de la 1 a la 2 de la ma\u00f1ana. Lo hizo en la conferencia de prensa semanal sobre la situaci\u00f3n epidemiol\u00f3gica.<\/p>\n\n\n\n<p>En la Casa de Gobierno bonaerense, el Jefe Provincial estuvo acompa\u00f1ado por la vicegobernadora Ver\u00f3nica Magario, el jefe de Gabinete Carlos Bianco; y los ministros Daniel Gollan (Salud) y Augusto Costa (Producci\u00f3n, Ciencia e Innovaci\u00f3n Tecnol\u00f3gica, Augusto Costa).<br><br>\u201cVamos a extender el horario nocturno de 1 a 2 de la ma\u00f1ana\u201d, inform\u00f3 el Jefe Provincial, basandose en \u201ctres semanas de lenta pero persistente reducci\u00f3n de los casos en la Provincia\u201d. Sin embargo, aclar\u00f3 que las autorizaciones se mantendr\u00e1n \u201csiempre en observaci\u00f3n y en tanto y en cuanto la situaci\u00f3n no desmejore\u201d<br><br>\u201cAnunciamos una serie de medidas que han dado fruto, porque a ra\u00edz del cuidado personal y las medidas que se tomaron en el orden municipal y provincial\u201d, destac\u00f3.<br><br>Previo a la conferencia de prensa, Kicillof mantuvo una reuni\u00f3n con los intendentes bonaerenses, entre ellos, los de la Costa Atl\u00e1ntica.<\/p>\n","protected":false},"excerpt":{"rendered":"<p>El gobernador Axel Kicillof encabez\u00f3 la conferencia sobre la situaci\u00f3n epidemiol\u00f3gica. All\u00ed, destac\u00f3, hubieron \u00abtres semanas\u00bb de reducci\u00f3n de casos de coronavirus. Tambi\u00e9n volvi\u00f3 a destacar la confiabilidad de la Sputnik V.\u00a0 El gobernador de la provincia de Buenos Aires, Axel Kicillof, anunci\u00f3 que vuelven a extenderse las autorizaciones a las actividades no escenciales nocturnas [&hellip;]<\/p>\n","protected":false},"author":4,"featured_media":86941,"comment_status":"open","ping_status":"closed","sticky":false,"template":"","format":"standard","meta":{"om_disable_all_campaigns":false,"_jetpack_memberships_contains_paid_content":false,"footnotes":""},"categories":[50,101,2],"tags":[],"class_list":["post-86940","post","type-post","status-publish","format-standard","has-post-thumbnail","hentry","category-destacadas","category-interes-general-locales","category-locales"],"aioseo_notices":[],"gutentor_comment":0,"jetpack_featured_media_url":"https:\/\/eldiariodesanpedro.com.ar\/sitio\/wp-content\/uploads\/2021\/02\/1576291582782.jpeg","jetpack_shortlink":"https:\/\/wp.me\/p6RhLt-mCg","jetpack_sharing_enabled":true,"_links":{"self":[{"href":"https:\/\/eldiariodesanpedro.com.ar\/sitio\/wp-json\/wp\/v2\/posts\/86940","targetHints":{"allow":["GET"]}}],"collection":[{"href":"https:\/\/eldiariodesanpedro.com.ar\/sitio\/wp-json\/wp\/v2\/posts"}],"about":[{"href":"https:\/\/eldiariodesanpedro.com.ar\/sitio\/wp-json\/wp\/v2\/types\/post"}],"author":[{"embeddable":true,"href":"https:\/\/eldiariodesanpedro.com.ar\/sitio\/wp-json\/wp\/v2\/users\/4"}],"replies":[{"embeddable":true,"href":"https:\/\/eldiariodesanpedro.com.ar\/sitio\/wp-json\/wp\/v2\/comments?post=86940"}],"version-history":[{"count":1,"href":"https:\/\/eldiariodesanpedro.com.ar\/sitio\/wp-json\/wp\/v2\/posts\/86940\/revisions"}],"predecessor-version":[{"id":86942,"href":"https:\/\/eldiariodesanpedro.com.ar\/sitio\/wp-json\/wp\/v2\/posts\/86940\/revisions\/86942"}],"wp:featuredmedia":[{"embeddable":true,"href":"https:\/\/eldiariodesanpedro.com.ar\/sitio\/wp-json\/wp\/v2\/media\/86941"}],"wp:attachment":[{"href":"https:\/\/eldiariodesanpedro.com.ar\/sitio\/wp-json\/wp\/v2\/media?parent=86940"}],"wp:term":[{"taxonomy":"category","embeddable":true,"href":"https:\/\/eldiariodesanpedro.com.ar\/sitio\/wp-json\/wp\/v2\/categories?post=86940"},{"taxonomy":"post_tag","embeddable":true,"href":"https:\/\/eldiariodesanpedro.com.ar\/sitio\/wp-json\/wp\/v2\/tags?post=86940"}],"curies":[{"name":"wp","href":"https:\/\/api.w.org\/{rel}","templated":true}]}}