{"id":8694,"date":"2016-10-10T19:02:35","date_gmt":"2016-10-10T22:02:35","guid":{"rendered":"https:\/\/eldiariodesanpedro.com.ar\/sitio\/?p=8694"},"modified":"2016-10-10T19:02:35","modified_gmt":"2016-10-10T22:02:35","slug":"una-patrulla-rural-choco-con-un-auto","status":"publish","type":"post","link":"https:\/\/eldiariodesanpedro.com.ar\/sitio\/una-patrulla-rural-choco-con-un-auto\/","title":{"rendered":"Una patrulla rural choc\u00f3 con un auto"},"content":{"rendered":"<p><!-- VideographyWP Plugin Message: Automatic video embedding prevented by plugin options. --><br \/>\nSe produjo en la ma\u00f1ana del s\u00e1bado en la ruta 1001 frente al Autom\u00f3vil Club Argentino de R\u00edo Tala.<br \/>\nEn ese lugar, por causas no establecidos, una patrulla de la Polic\u00eda Rural cruzaba de colectora en direcci\u00f3n a La Serena cuando fue impactada en la parte trasera derecha por un Vw Polo de color champagne que se dirig\u00eda por la arteria provincial en direcci\u00f3n hacia ruta nacional N\u00ba 9.<br \/>\nEn consecuencia, el conductor del rodado menor sufri\u00f3 lesiones en uno de sus brazos, por lo que debi\u00f3 ser trasladado a Hospital, mientras que el personal policial result\u00f3 ileso.<br \/>\nSe labraron actuaciones con intervenci\u00f3n de UFI N\u00ba 5 San Pedro y Asuntos Internos de la Polic\u00eda Bonaerense.<\/p>\n","protected":false},"excerpt":{"rendered":"<p>Se produjo en la ma\u00f1ana del s\u00e1bado en la ruta 1001 frente al Autom\u00f3vil Club Argentino de R\u00edo Tala. En ese lugar, por causas no establecidos, una patrulla de la Polic\u00eda Rural cruzaba de colectora en direcci\u00f3n a La Serena cuando fue impactada en la parte trasera derecha por un Vw Polo de color champagne [&hellip;]<\/p>\n","protected":false},"author":4,"featured_media":8695,"comment_status":"open","ping_status":"closed","sticky":false,"template":"","format":"standard","meta":{"om_disable_all_campaigns":false,"_jetpack_memberships_contains_paid_content":false,"footnotes":""},"categories":[50,2,103],"tags":[],"class_list":["post-8694","post","type-post","status-publish","format-standard","has-post-thumbnail","hentry","category-destacadas","category-locales","category-policiales-locales"],"aioseo_notices":[],"gutentor_comment":0,"jetpack_featured_media_url":"https:\/\/eldiariodesanpedro.com.ar\/sitio\/wp-content\/uploads\/2016\/10\/PAGINA-4-02.jpg","jetpack_shortlink":"https:\/\/wp.me\/p6RhLt-2ge","jetpack_sharing_enabled":true,"_links":{"self":[{"href":"https:\/\/eldiariodesanpedro.com.ar\/sitio\/wp-json\/wp\/v2\/posts\/8694","targetHints":{"allow":["GET"]}}],"collection":[{"href":"https:\/\/eldiariodesanpedro.com.ar\/sitio\/wp-json\/wp\/v2\/posts"}],"about":[{"href":"https:\/\/eldiariodesanpedro.com.ar\/sitio\/wp-json\/wp\/v2\/types\/post"}],"author":[{"embeddable":true,"href":"https:\/\/eldiariodesanpedro.com.ar\/sitio\/wp-json\/wp\/v2\/users\/4"}],"replies":[{"embeddable":true,"href":"https:\/\/eldiariodesanpedro.com.ar\/sitio\/wp-json\/wp\/v2\/comments?post=8694"}],"version-history":[{"count":1,"href":"https:\/\/eldiariodesanpedro.com.ar\/sitio\/wp-json\/wp\/v2\/posts\/8694\/revisions"}],"predecessor-version":[{"id":8696,"href":"https:\/\/eldiariodesanpedro.com.ar\/sitio\/wp-json\/wp\/v2\/posts\/8694\/revisions\/8696"}],"wp:featuredmedia":[{"embeddable":true,"href":"https:\/\/eldiariodesanpedro.com.ar\/sitio\/wp-json\/wp\/v2\/media\/8695"}],"wp:attachment":[{"href":"https:\/\/eldiariodesanpedro.com.ar\/sitio\/wp-json\/wp\/v2\/media?parent=8694"}],"wp:term":[{"taxonomy":"category","embeddable":true,"href":"https:\/\/eldiariodesanpedro.com.ar\/sitio\/wp-json\/wp\/v2\/categories?post=8694"},{"taxonomy":"post_tag","embeddable":true,"href":"https:\/\/eldiariodesanpedro.com.ar\/sitio\/wp-json\/wp\/v2\/tags?post=8694"}],"curies":[{"name":"wp","href":"https:\/\/api.w.org\/{rel}","templated":true}]}}