{"id":86934,"date":"2021-02-02T11:26:28","date_gmt":"2021-02-02T14:26:28","guid":{"rendered":"https:\/\/eldiariodesanpedro.com.ar\/sitio\/?p=86934"},"modified":"2021-02-02T11:35:55","modified_gmt":"2021-02-02T14:35:55","slug":"baradero-el-intendente-esteban-sanzio-dio-positivo-de-covid-a-pesar-de-tener-las-dos-dosis-de-sputnik-v","status":"publish","type":"post","link":"https:\/\/eldiariodesanpedro.com.ar\/sitio\/baradero-el-intendente-esteban-sanzio-dio-positivo-de-covid-a-pesar-de-tener-las-dos-dosis-de-sputnik-v\/","title":{"rendered":"BARADERO | El intendente Esteban Sanzio dio positivo de covid a pesar de tener las dos dosis de Sputnik V"},"content":{"rendered":"<!-- VideographyWP Plugin Message: Automatic video embedding prevented by plugin options. -->\n\n<p>En la jornada de hoy el intendente de la vecina localidad de Baradero a traves de su cuenta de Facebook anuncio que el junto a su familia dio positivo para coronavirus.<\/p>\n\n\n\n<p>Recordemos que el intendente ya recibi\u00f3 las dos dosis de la Vacuna Sputnik V  y a pesar de esto contrajo la enfermedad.<\/p>\n\n\n\n<p><em>Quiero informar a todos los vecinos y vecinas que a pesar de habernos cuidado cada d\u00eda de esta pandemia di positivo de Covid-19.<br>Deb\u00ed realizarme el hisopado debido a que mi compa\u00f1era Jesy present\u00f3 s\u00edntomas compatibles con coronavirus en las \u00faltimas horas. <br>Permanecemos aislados junto a Juanchi y nos encontramos los tres muy bien ya que la vacuna nos ayudar\u00e1 a que sea m\u00e1s leve.<br>Sigo manteniendo reuniones virtuales con el gabinete y hoy incluso con el gobernador Axel Kicillof .<br>Es importante que sigamos cuidando la salud de todos. Estamos cada vez m\u00e1s cerca de superarlo y debemos hacerlo unidos.<\/em><\/p>\n\n\n\n<figure class=\"wp-block-embed-facebook wp-block-embed is-type-rich is-provider-gestor-del-servicio\"><div class=\"wp-block-embed__wrapper\">\n<div class=\"fb-post\" data-href=\"https:\/\/www.facebook.com\/EstebanTitoSanzio\/posts\/2765113340367732\" data-width=\"552\" style=\"background-color: #fff; display: inline-block;\"><\/div>\n<\/div><\/figure>\n\n\n\n<p>El jefe comunal de Baradero hab\u00eda recibido las segunda dosis el pasado 22 de enero y como seg\u00fan informaron muchas veces no solo con la vacuna Sputnik, sino con varias de ellas, en algunos casos puede tardar un tiempo en generar anticuerpos por lo que se recomienda continuar manteniendo las medidas de cuidados.<\/p>\n\n\n\n<figure class=\"wp-block-image size-large\"><img decoding=\"async\" width=\"960\" height=\"930\" data-attachment-id=\"86937\" data-permalink=\"https:\/\/eldiariodesanpedro.com.ar\/sitio\/baradero-el-intendente-esteban-sanzio-dio-positivo-de-covid-a-pesar-de-tener-las-dos-dosis-de-sputnik-v\/141878824_2757708334441566_6787534923142694590_n\/\" data-orig-file=\"https:\/\/eldiariodesanpedro.com.ar\/sitio\/wp-content\/uploads\/2021\/02\/141878824_2757708334441566_6787534923142694590_n.jpg\" data-orig-size=\"960,930\" data-comments-opened=\"1\" data-image-meta=\"{&quot;aperture&quot;:&quot;0&quot;,&quot;credit&quot;:&quot;&quot;,&quot;camera&quot;:&quot;&quot;,&quot;caption&quot;:&quot;&quot;,&quot;created_timestamp&quot;:&quot;0&quot;,&quot;copyright&quot;:&quot;&quot;,&quot;focal_length&quot;:&quot;0&quot;,&quot;iso&quot;:&quot;0&quot;,&quot;shutter_speed&quot;:&quot;0&quot;,&quot;title&quot;:&quot;&quot;,&quot;orientation&quot;:&quot;0&quot;}\" data-image-title=\"141878824_2757708334441566_6787534923142694590_n\" data-image-description=\"\" data-image-caption=\"\" data-large-file=\"https:\/\/eldiariodesanpedro.com.ar\/sitio\/wp-content\/uploads\/2021\/02\/141878824_2757708334441566_6787534923142694590_n.jpg\" data-src=\"https:\/\/eldiariodesanpedro.com.ar\/sitio\/wp-content\/uploads\/2021\/02\/141878824_2757708334441566_6787534923142694590_n.jpg\" alt=\"\" class=\"wp-image-86937 lazyload\" data-srcset=\"https:\/\/eldiariodesanpedro.com.ar\/sitio\/wp-content\/uploads\/2021\/02\/141878824_2757708334441566_6787534923142694590_n.jpg 960w, https:\/\/eldiariodesanpedro.com.ar\/sitio\/wp-content\/uploads\/2021\/02\/141878824_2757708334441566_6787534923142694590_n-300x291.jpg 300w, https:\/\/eldiariodesanpedro.com.ar\/sitio\/wp-content\/uploads\/2021\/02\/141878824_2757708334441566_6787534923142694590_n-768x744.jpg 768w\" data-sizes=\"(max-width: 960px) 100vw, 960px\" src=\"data:image\/svg+xml;base64,PHN2ZyB3aWR0aD0iMSIgaGVpZ2h0PSIxIiB4bWxucz0iaHR0cDovL3d3dy53My5vcmcvMjAwMC9zdmciPjwvc3ZnPg==\" style=\"--smush-placeholder-width: 960px; --smush-placeholder-aspect-ratio: 960\/930;\" \/><\/figure>\n","protected":false},"excerpt":{"rendered":"<p>En la jornada de hoy el intendente de la vecina localidad de Baradero a traves de su cuenta de Facebook anuncio que el junto a su familia dio positivo para coronavirus. Recordemos que el intendente ya recibi\u00f3 las dos dosis de la Vacuna Sputnik V y a pesar de esto contrajo la enfermedad. Quiero informar [&hellip;]<\/p>\n","protected":false},"author":4,"featured_media":86935,"comment_status":"open","ping_status":"closed","sticky":false,"template":"","format":"standard","meta":{"om_disable_all_campaigns":false,"_jetpack_memberships_contains_paid_content":false,"footnotes":""},"categories":[50,621],"tags":[],"class_list":["post-86934","post","type-post","status-publish","format-standard","has-post-thumbnail","hentry","category-destacadas","category-regionales"],"aioseo_notices":[],"gutentor_comment":0,"jetpack_featured_media_url":"https:\/\/eldiariodesanpedro.com.ar\/sitio\/wp-content\/uploads\/2021\/02\/Esteban-Sanzio-con-Alberto-Ferna\u0301ndez.jpg","jetpack_shortlink":"https:\/\/wp.me\/p6RhLt-mCa","jetpack_sharing_enabled":true,"_links":{"self":[{"href":"https:\/\/eldiariodesanpedro.com.ar\/sitio\/wp-json\/wp\/v2\/posts\/86934","targetHints":{"allow":["GET"]}}],"collection":[{"href":"https:\/\/eldiariodesanpedro.com.ar\/sitio\/wp-json\/wp\/v2\/posts"}],"about":[{"href":"https:\/\/eldiariodesanpedro.com.ar\/sitio\/wp-json\/wp\/v2\/types\/post"}],"author":[{"embeddable":true,"href":"https:\/\/eldiariodesanpedro.com.ar\/sitio\/wp-json\/wp\/v2\/users\/4"}],"replies":[{"embeddable":true,"href":"https:\/\/eldiariodesanpedro.com.ar\/sitio\/wp-json\/wp\/v2\/comments?post=86934"}],"version-history":[{"count":2,"href":"https:\/\/eldiariodesanpedro.com.ar\/sitio\/wp-json\/wp\/v2\/posts\/86934\/revisions"}],"predecessor-version":[{"id":86938,"href":"https:\/\/eldiariodesanpedro.com.ar\/sitio\/wp-json\/wp\/v2\/posts\/86934\/revisions\/86938"}],"wp:featuredmedia":[{"embeddable":true,"href":"https:\/\/eldiariodesanpedro.com.ar\/sitio\/wp-json\/wp\/v2\/media\/86935"}],"wp:attachment":[{"href":"https:\/\/eldiariodesanpedro.com.ar\/sitio\/wp-json\/wp\/v2\/media?parent=86934"}],"wp:term":[{"taxonomy":"category","embeddable":true,"href":"https:\/\/eldiariodesanpedro.com.ar\/sitio\/wp-json\/wp\/v2\/categories?post=86934"},{"taxonomy":"post_tag","embeddable":true,"href":"https:\/\/eldiariodesanpedro.com.ar\/sitio\/wp-json\/wp\/v2\/tags?post=86934"}],"curies":[{"name":"wp","href":"https:\/\/api.w.org\/{rel}","templated":true}]}}