{"id":86932,"date":"2021-02-02T11:18:30","date_gmt":"2021-02-02T14:18:30","guid":{"rendered":"https:\/\/eldiariodesanpedro.com.ar\/sitio\/?p=86932"},"modified":"2021-02-02T11:18:33","modified_gmt":"2021-02-02T14:18:33","slug":"covid-cerraron-el-consejo-escolar-por-precaucion-2","status":"publish","type":"post","link":"https:\/\/eldiariodesanpedro.com.ar\/sitio\/covid-cerraron-el-consejo-escolar-por-precaucion-2\/","title":{"rendered":"Covid: Cerraron el consejo escolar por precauci\u00f3n"},"content":{"rendered":"<!-- VideographyWP Plugin Message: Automatic video embedding prevented by plugin options. -->\n\n<p>La consejera Vanina Zubiete dio positivo y la sede debi\u00f3 cerrar sus puertas hasta que sea desinfectado. Paganuchi y Macchia quedaron aislados.&nbsp;<\/p>\n\n\n\n<p>El Consejo Escolar de nuestra ciudad cerr\u00f3 sus puertas en forma preventiva debido a que la consejera Vanina Zubiete dio covid positivo. La funcionaria present\u00f3 s\u00edntomas, se hisop\u00f3 y recibi\u00f3 el resultado el lunes.<\/p>\n\n\n\n<p>Debido a estas circunstancias tambi\u00e9n fueron aislados el presidente del cuerpo, Marcelo Paganuchi, y la consejera Cecilia Macchia.<\/p>\n\n\n\n<p>La sede de la entidad permanecer\u00e1 cerrada hasta que se efect\u00fae la correspondiente desinfecci\u00f3n, mientras tanto el docente Fernando Cajide&nbsp;qued\u00f3 a cargo del Consejo Escolar hasta que sus pares cumplan con el aislamiento que indica el protocolo.&nbsp;&nbsp;<\/p>\n\n\n\n<p>Fuente:<a href=\"https:\/\/www.sanpedroinforma.com.ar\/nota\/123991\/sociedad\/covid-cerraron-el-consejo-escolar-por-precaucion.html\">&nbsp;San Pedro Informa<\/a><\/p>\n","protected":false},"excerpt":{"rendered":"<p>La consejera Vanina Zubiete dio positivo y la sede debi\u00f3 cerrar sus puertas hasta que sea desinfectado. Paganuchi y Macchia quedaron aislados.&nbsp; El Consejo Escolar de nuestra ciudad cerr\u00f3 sus puertas en forma preventiva debido a que la consejera Vanina Zubiete dio covid positivo. La funcionaria present\u00f3 s\u00edntomas, se hisop\u00f3 y recibi\u00f3 el resultado el [&hellip;]<\/p>\n","protected":false},"author":4,"featured_media":86930,"comment_status":"open","ping_status":"closed","sticky":false,"template":"","format":"standard","meta":{"om_disable_all_campaigns":false,"_jetpack_memberships_contains_paid_content":false,"footnotes":""},"categories":[50,101,2],"tags":[],"class_list":["post-86932","post","type-post","status-publish","format-standard","has-post-thumbnail","hentry","category-destacadas","category-interes-general-locales","category-locales"],"aioseo_notices":[],"gutentor_comment":0,"jetpack_featured_media_url":"https:\/\/eldiariodesanpedro.com.ar\/sitio\/wp-content\/uploads\/2021\/02\/000089839.jpg","jetpack_shortlink":"https:\/\/wp.me\/p6RhLt-mC8","jetpack_sharing_enabled":true,"_links":{"self":[{"href":"https:\/\/eldiariodesanpedro.com.ar\/sitio\/wp-json\/wp\/v2\/posts\/86932","targetHints":{"allow":["GET"]}}],"collection":[{"href":"https:\/\/eldiariodesanpedro.com.ar\/sitio\/wp-json\/wp\/v2\/posts"}],"about":[{"href":"https:\/\/eldiariodesanpedro.com.ar\/sitio\/wp-json\/wp\/v2\/types\/post"}],"author":[{"embeddable":true,"href":"https:\/\/eldiariodesanpedro.com.ar\/sitio\/wp-json\/wp\/v2\/users\/4"}],"replies":[{"embeddable":true,"href":"https:\/\/eldiariodesanpedro.com.ar\/sitio\/wp-json\/wp\/v2\/comments?post=86932"}],"version-history":[{"count":1,"href":"https:\/\/eldiariodesanpedro.com.ar\/sitio\/wp-json\/wp\/v2\/posts\/86932\/revisions"}],"predecessor-version":[{"id":86933,"href":"https:\/\/eldiariodesanpedro.com.ar\/sitio\/wp-json\/wp\/v2\/posts\/86932\/revisions\/86933"}],"wp:featuredmedia":[{"embeddable":true,"href":"https:\/\/eldiariodesanpedro.com.ar\/sitio\/wp-json\/wp\/v2\/media\/86930"}],"wp:attachment":[{"href":"https:\/\/eldiariodesanpedro.com.ar\/sitio\/wp-json\/wp\/v2\/media?parent=86932"}],"wp:term":[{"taxonomy":"category","embeddable":true,"href":"https:\/\/eldiariodesanpedro.com.ar\/sitio\/wp-json\/wp\/v2\/categories?post=86932"},{"taxonomy":"post_tag","embeddable":true,"href":"https:\/\/eldiariodesanpedro.com.ar\/sitio\/wp-json\/wp\/v2\/tags?post=86932"}],"curies":[{"name":"wp","href":"https:\/\/api.w.org\/{rel}","templated":true}]}}